{"id":3749,"date":"2025-04-22T08:47:47","date_gmt":"2025-04-22T06:47:47","guid":{"rendered":"https:\/\/sv-koerne83.de\/wordpress\/?p=3749"},"modified":"2025-04-22T08:47:48","modified_gmt":"2025-04-22T06:47:48","slug":"e2-jugend-erreicht-die-endrunde","status":"publish","type":"post","link":"https:\/\/sv-koerne83.de\/wordpress\/2025\/04\/22\/e2-jugend-erreicht-die-endrunde\/","title":{"rendered":"E2-Jugend erreicht die Endrunde"},"content":{"rendered":"\n<p>Am Ostersonntag konnte sich unsere E2-Jugend bei der diesj\u00e4hrigen Hallenstadtmeisterschaft f\u00fcr die Endrunde qualifizeren. Dabei startet das Turnier f\u00fcr das Team von Trainer Steve Mae\u00dfe alles andere als positiv. Im ersten Spiel musste man sich dem FC Br\u00fcnninghausen II mit 2:0 geschlagen geben. Im zweiten Spiel trennte man sich 1:1 Unentschieden gegen den VfR S\u00f6lde II. Danach begann die Siegesserie unserer E2-Jugend. Das Spiel gegen den H\u00f6rder SC II gewann man mit 4:3. Gegen den Wambeler SV II konnte man 3:2 gewinnen. Das letzte Spiel gegen den VFL Kemminghausen gewann man mit 1:0. Am Ende stand unsere E2 auf dem zweiten Tabellenplatz, der zur Qualifikation f\u00fcr die Endrunde reichte. Diese findet am n\u00e4chsten Sonntag ab 13.45 Uhr in der Halle Brackel statt. In diesem Sinne: Alle in die Halle!!!<\/p>\n","protected":false},"excerpt":{"rendered":"<p>Am Ostersonntag konnte sich unsere E2-Jugend bei der diesj\u00e4hrigen Hallenstadtmeisterschaft f\u00fcr die Endrunde qualifizeren. Dabei startet das Turnier f\u00fcr das Team von Trainer Steve Mae\u00dfe alles andere als positiv. Im [&hellip;]<\/p>\n","protected":false},"author":2,"featured_media":3748,"comment_status":"closed","ping_status":"open","sticky":false,"template":"","format":"standard","meta":{"_jetpack_memberships_contains_paid_content":false,"footnotes":""},"categories":[1],"tags":[],"class_list":["post-3749","post","type-post","status-publish","format-standard","has-post-thumbnail","hentry","category-allgemein"],"jetpack_sharing_enabled":true,"jetpack_featured_media_url":"https:\/\/sv-koerne83.de\/wordpress\/wp-content\/uploads\/2025\/04\/e2_endrunde.jpg","_links":{"self":[{"href":"https:\/\/sv-koerne83.de\/wordpress\/wp-json\/wp\/v2\/posts\/3749","targetHints":{"allow":["GET"]}}],"collection":[{"href":"https:\/\/sv-koerne83.de\/wordpress\/wp-json\/wp\/v2\/posts"}],"about":[{"href":"https:\/\/sv-koerne83.de\/wordpress\/wp-json\/wp\/v2\/types\/post"}],"author":[{"embeddable":true,"href":"https:\/\/sv-koerne83.de\/wordpress\/wp-json\/wp\/v2\/users\/2"}],"replies":[{"embeddable":true,"href":"https:\/\/sv-koerne83.de\/wordpress\/wp-json\/wp\/v2\/comments?post=3749"}],"version-history":[{"count":1,"href":"https:\/\/sv-koerne83.de\/wordpress\/wp-json\/wp\/v2\/posts\/3749\/revisions"}],"predecessor-version":[{"id":3750,"href":"https:\/\/sv-koerne83.de\/wordpress\/wp-json\/wp\/v2\/posts\/3749\/revisions\/3750"}],"wp:featuredmedia":[{"embeddable":true,"href":"https:\/\/sv-koerne83.de\/wordpress\/wp-json\/wp\/v2\/media\/3748"}],"wp:attachment":[{"href":"https:\/\/sv-koerne83.de\/wordpress\/wp-json\/wp\/v2\/media?parent=3749"}],"wp:term":[{"taxonomy":"category","embeddable":true,"href":"https:\/\/sv-koerne83.de\/wordpress\/wp-json\/wp\/v2\/categories?post=3749"},{"taxonomy":"post_tag","embeddable":true,"href":"https:\/\/sv-koerne83.de\/wordpress\/wp-json\/wp\/v2\/tags?post=3749"}],"curies":[{"name":"wp","href":"https:\/\/api.w.org\/{rel}","templated":true}]}}