{"id":3754,"date":"2025-04-25T09:20:19","date_gmt":"2025-04-25T07:20:19","guid":{"rendered":"https:\/\/sv-koerne83.de\/wordpress\/?p=3754"},"modified":"2025-04-25T09:20:20","modified_gmt":"2025-04-25T07:20:20","slug":"endrunde-fuer-unsere-e2-jugend","status":"publish","type":"post","link":"https:\/\/sv-koerne83.de\/wordpress\/2025\/04\/25\/endrunde-fuer-unsere-e2-jugend\/","title":{"rendered":"Endrunde f\u00fcr unsere E2-Jugend"},"content":{"rendered":"\n<p>Unsere E2-Jugend tritt am Sonntag bei der Endrunde der diesj\u00e4hrigen Hallenstadtmeisterschaft an. Um 13.45 Uhr beginnt das Turnier f\u00fcr das Team von Trainer Steve Mae\u00dfe. Im ersten Spiel in der Halle Brackel trifft man direkt im Derby auf das Team von DJK TuS K\u00f6rne. Das zweite Spiel findet gegen BW Huckarde statt. Das letzte Gruppenspiel spielt man gegen den Hombrucher SV. Wir freuen uns auf eine gro\u00dfe Unterst\u00fctzung in der Halle Brackel.<\/p>\n","protected":false},"excerpt":{"rendered":"<p>Unsere E2-Jugend tritt am Sonntag bei der Endrunde der diesj\u00e4hrigen Hallenstadtmeisterschaft an. Um 13.45 Uhr beginnt das Turnier f\u00fcr das Team von Trainer Steve Mae\u00dfe. Im ersten Spiel in der [&hellip;]<\/p>\n","protected":false},"author":2,"featured_media":3755,"comment_status":"closed","ping_status":"open","sticky":false,"template":"","format":"standard","meta":{"_jetpack_memberships_contains_paid_content":false,"footnotes":""},"categories":[1],"tags":[],"class_list":["post-3754","post","type-post","status-publish","format-standard","has-post-thumbnail","hentry","category-allgemein"],"jetpack_sharing_enabled":true,"jetpack_featured_media_url":"https:\/\/sv-koerne83.de\/wordpress\/wp-content\/uploads\/2025\/04\/SVK_Spieltagsankuendigung_2024_2025_E-Endrunde-scaled.jpg","_links":{"self":[{"href":"https:\/\/sv-koerne83.de\/wordpress\/wp-json\/wp\/v2\/posts\/3754","targetHints":{"allow":["GET"]}}],"collection":[{"href":"https:\/\/sv-koerne83.de\/wordpress\/wp-json\/wp\/v2\/posts"}],"about":[{"href":"https:\/\/sv-koerne83.de\/wordpress\/wp-json\/wp\/v2\/types\/post"}],"author":[{"embeddable":true,"href":"https:\/\/sv-koerne83.de\/wordpress\/wp-json\/wp\/v2\/users\/2"}],"replies":[{"embeddable":true,"href":"https:\/\/sv-koerne83.de\/wordpress\/wp-json\/wp\/v2\/comments?post=3754"}],"version-history":[{"count":1,"href":"https:\/\/sv-koerne83.de\/wordpress\/wp-json\/wp\/v2\/posts\/3754\/revisions"}],"predecessor-version":[{"id":3756,"href":"https:\/\/sv-koerne83.de\/wordpress\/wp-json\/wp\/v2\/posts\/3754\/revisions\/3756"}],"wp:featuredmedia":[{"embeddable":true,"href":"https:\/\/sv-koerne83.de\/wordpress\/wp-json\/wp\/v2\/media\/3755"}],"wp:attachment":[{"href":"https:\/\/sv-koerne83.de\/wordpress\/wp-json\/wp\/v2\/media?parent=3754"}],"wp:term":[{"taxonomy":"category","embeddable":true,"href":"https:\/\/sv-koerne83.de\/wordpress\/wp-json\/wp\/v2\/categories?post=3754"},{"taxonomy":"post_tag","embeddable":true,"href":"https:\/\/sv-koerne83.de\/wordpress\/wp-json\/wp\/v2\/tags?post=3754"}],"curies":[{"name":"wp","href":"https:\/\/api.w.org\/{rel}","templated":true}]}}