{"id":3762,"date":"2025-04-29T09:20:19","date_gmt":"2025-04-29T07:20:19","guid":{"rendered":"https:\/\/sv-koerne83.de\/wordpress\/?p=3762"},"modified":"2025-04-29T09:20:20","modified_gmt":"2025-04-29T07:20:20","slug":"super-leistung-von-unserer-e2-jugend","status":"publish","type":"post","link":"https:\/\/sv-koerne83.de\/wordpress\/2025\/04\/29\/super-leistung-von-unserer-e2-jugend\/","title":{"rendered":"Super Leistung von unserer E2-Jugend"},"content":{"rendered":"\n<p>Am letzten Sonntag spielte unsere E2-Jugend die Endrunde bei der diesj\u00e4hrigen Hallenstadtmeisterschaft. Nach einer anf\u00e4nglichen Niederlage im ersten Spiel gegen DJK TuS K\u00f6rne, gewann das Team von den Trainern Steve Mae\u00dfe, Ferdinand Kuhles und Hannes Lorenz verdient mit 2:0 gegen BW Huckarde. Im letzten Gruppenspiel musste man eine 2:0 Niederlage gegen den sp\u00e4teren Stadtmeister Hombrucher SV hinnehmen. Am Ende der Gruppenspiele lag man auf dem 3. Tabellenplatz, welcher nicht zur Teilnahme an den Halbfinalspielen reichte.&nbsp;<\/p>\n\n\n\n<p>Dennoch hat sich die Mannschaft super pr\u00e4sentiert und hat in jedem Spiel alles gegeben. Wir sind stolz auf euch! <\/p>\n","protected":false},"excerpt":{"rendered":"<p>Am letzten Sonntag spielte unsere E2-Jugend die Endrunde bei der diesj\u00e4hrigen Hallenstadtmeisterschaft. Nach einer anf\u00e4nglichen Niederlage im ersten Spiel gegen DJK TuS K\u00f6rne, gewann das Team von den Trainern Steve [&hellip;]<\/p>\n","protected":false},"author":2,"featured_media":3748,"comment_status":"closed","ping_status":"open","sticky":false,"template":"","format":"standard","meta":{"_jetpack_memberships_contains_paid_content":false,"footnotes":""},"categories":[1],"tags":[],"class_list":["post-3762","post","type-post","status-publish","format-standard","has-post-thumbnail","hentry","category-allgemein"],"jetpack_sharing_enabled":true,"jetpack_featured_media_url":"https:\/\/sv-koerne83.de\/wordpress\/wp-content\/uploads\/2025\/04\/e2_endrunde.jpg","_links":{"self":[{"href":"https:\/\/sv-koerne83.de\/wordpress\/wp-json\/wp\/v2\/posts\/3762","targetHints":{"allow":["GET"]}}],"collection":[{"href":"https:\/\/sv-koerne83.de\/wordpress\/wp-json\/wp\/v2\/posts"}],"about":[{"href":"https:\/\/sv-koerne83.de\/wordpress\/wp-json\/wp\/v2\/types\/post"}],"author":[{"embeddable":true,"href":"https:\/\/sv-koerne83.de\/wordpress\/wp-json\/wp\/v2\/users\/2"}],"replies":[{"embeddable":true,"href":"https:\/\/sv-koerne83.de\/wordpress\/wp-json\/wp\/v2\/comments?post=3762"}],"version-history":[{"count":2,"href":"https:\/\/sv-koerne83.de\/wordpress\/wp-json\/wp\/v2\/posts\/3762\/revisions"}],"predecessor-version":[{"id":3764,"href":"https:\/\/sv-koerne83.de\/wordpress\/wp-json\/wp\/v2\/posts\/3762\/revisions\/3764"}],"wp:featuredmedia":[{"embeddable":true,"href":"https:\/\/sv-koerne83.de\/wordpress\/wp-json\/wp\/v2\/media\/3748"}],"wp:attachment":[{"href":"https:\/\/sv-koerne83.de\/wordpress\/wp-json\/wp\/v2\/media?parent=3762"}],"wp:term":[{"taxonomy":"category","embeddable":true,"href":"https:\/\/sv-koerne83.de\/wordpress\/wp-json\/wp\/v2\/categories?post=3762"},{"taxonomy":"post_tag","embeddable":true,"href":"https:\/\/sv-koerne83.de\/wordpress\/wp-json\/wp\/v2\/tags?post=3762"}],"curies":[{"name":"wp","href":"https:\/\/api.w.org\/{rel}","templated":true}]}}