{"id":3768,"date":"2025-05-07T12:41:12","date_gmt":"2025-05-07T10:41:12","guid":{"rendered":"https:\/\/sv-koerne83.de\/wordpress\/?p=3768"},"modified":"2025-05-07T12:41:14","modified_gmt":"2025-05-07T10:41:14","slug":"erste-mannschaft-empfaengt-berghofen","status":"publish","type":"post","link":"https:\/\/sv-koerne83.de\/wordpress\/2025\/05\/07\/erste-mannschaft-empfaengt-berghofen\/","title":{"rendered":"Erste Mannschaft empf\u00e4ngt Berghofen"},"content":{"rendered":"\n<p>Am Sonntag empf\u00e4ngt unsere 1. Mannschaft im Heimspiel den SV Berghofen. Unser Team konnte in den letzten zwei Spielen wichtige Punkte im Abstiegskampf einfahren und kletterte in der Tabelle auf den 8. Platz. Der Gast aus Berghofen gewann in der R\u00fcckrunde erst ein Spiel und steht aktuell auf dem 10. Tabellenplatz. Mit einem Sieg kann das Team von Trainer Viktor Pusch den Sprung auf den 7. Tabellenplatz schaffen. Ansto\u00df ist bereits um 14.00 Uhr. Im Anschluss k\u00f6nnt ihr das Spiel vom BVB gegen Bayer Leverkusen live bei uns im Vereinsheim schauen. Wir sehen uns im Affenk\u00e4fig!<\/p>\n","protected":false},"excerpt":{"rendered":"<p>Am Sonntag empf\u00e4ngt unsere 1. Mannschaft im Heimspiel den SV Berghofen. Unser Team konnte in den letzten zwei Spielen wichtige Punkte im Abstiegskampf einfahren und kletterte in der Tabelle auf [&hellip;]<\/p>\n","protected":false},"author":2,"featured_media":3765,"comment_status":"closed","ping_status":"open","sticky":false,"template":"","format":"standard","meta":{"_jetpack_memberships_contains_paid_content":false,"footnotes":""},"categories":[1],"tags":[],"class_list":["post-3768","post","type-post","status-publish","format-standard","has-post-thumbnail","hentry","category-allgemein"],"jetpack_sharing_enabled":true,"jetpack_featured_media_url":"https:\/\/sv-koerne83.de\/wordpress\/wp-content\/uploads\/2025\/05\/SVK_Spieltagsankuendigung_2024_2025_Topspiel-scaled.jpg","_links":{"self":[{"href":"https:\/\/sv-koerne83.de\/wordpress\/wp-json\/wp\/v2\/posts\/3768","targetHints":{"allow":["GET"]}}],"collection":[{"href":"https:\/\/sv-koerne83.de\/wordpress\/wp-json\/wp\/v2\/posts"}],"about":[{"href":"https:\/\/sv-koerne83.de\/wordpress\/wp-json\/wp\/v2\/types\/post"}],"author":[{"embeddable":true,"href":"https:\/\/sv-koerne83.de\/wordpress\/wp-json\/wp\/v2\/users\/2"}],"replies":[{"embeddable":true,"href":"https:\/\/sv-koerne83.de\/wordpress\/wp-json\/wp\/v2\/comments?post=3768"}],"version-history":[{"count":2,"href":"https:\/\/sv-koerne83.de\/wordpress\/wp-json\/wp\/v2\/posts\/3768\/revisions"}],"predecessor-version":[{"id":3772,"href":"https:\/\/sv-koerne83.de\/wordpress\/wp-json\/wp\/v2\/posts\/3768\/revisions\/3772"}],"wp:featuredmedia":[{"embeddable":true,"href":"https:\/\/sv-koerne83.de\/wordpress\/wp-json\/wp\/v2\/media\/3765"}],"wp:attachment":[{"href":"https:\/\/sv-koerne83.de\/wordpress\/wp-json\/wp\/v2\/media?parent=3768"}],"wp:term":[{"taxonomy":"category","embeddable":true,"href":"https:\/\/sv-koerne83.de\/wordpress\/wp-json\/wp\/v2\/categories?post=3768"},{"taxonomy":"post_tag","embeddable":true,"href":"https:\/\/sv-koerne83.de\/wordpress\/wp-json\/wp\/v2\/tags?post=3768"}],"curies":[{"name":"wp","href":"https:\/\/api.w.org\/{rel}","templated":true}]}}