{"id":3770,"date":"2025-05-09T08:05:31","date_gmt":"2025-05-09T06:05:31","guid":{"rendered":"https:\/\/sv-koerne83.de\/wordpress\/?p=3770"},"modified":"2025-05-09T08:05:33","modified_gmt":"2025-05-09T06:05:33","slug":"altherren-treffen-auf-etus-gelsenkirchen","status":"publish","type":"post","link":"https:\/\/sv-koerne83.de\/wordpress\/2025\/05\/09\/altherren-treffen-auf-etus-gelsenkirchen\/","title":{"rendered":"Altherren treffen auf ETuS Gelsenkirchen"},"content":{"rendered":"\n<p>Am Montagabend tritt unsere Altherren-Mannschaft zum Duell gegen den ETuS Gelsenkirchen an. F\u00fcr unsere \u00dc32-Mannschaft ist es, neben den Hallenstadtmeisterschaften, das f\u00fcnfte Spiel in dieser Saison. Der Gast aus Gelsenkirchen war ein wenig aktiver und bestritt in dieser Saison schon \u00fcber 30 Spiele. Ansto\u00df am Winkelriedweg ist um 19.30 Uhr. Wir sehen uns im Affenk\u00e4fig!<\/p>\n","protected":false},"excerpt":{"rendered":"<p>Am Montagabend tritt unsere Altherren-Mannschaft zum Duell gegen den ETuS Gelsenkirchen an. F\u00fcr unsere \u00dc32-Mannschaft ist es, neben den Hallenstadtmeisterschaften, das f\u00fcnfte Spiel in dieser Saison. Der Gast aus Gelsenkirchen [&hellip;]<\/p>\n","protected":false},"author":2,"featured_media":3766,"comment_status":"closed","ping_status":"open","sticky":false,"template":"","format":"standard","meta":{"_jetpack_memberships_contains_paid_content":false,"footnotes":""},"categories":[1],"tags":[],"class_list":["post-3770","post","type-post","status-publish","format-standard","has-post-thumbnail","hentry","category-allgemein"],"jetpack_sharing_enabled":true,"jetpack_featured_media_url":"https:\/\/sv-koerne83.de\/wordpress\/wp-content\/uploads\/2025\/05\/SVK_Spieltagsankuendigung_2024_2025_Topspiel2-scaled.jpg","_links":{"self":[{"href":"https:\/\/sv-koerne83.de\/wordpress\/wp-json\/wp\/v2\/posts\/3770","targetHints":{"allow":["GET"]}}],"collection":[{"href":"https:\/\/sv-koerne83.de\/wordpress\/wp-json\/wp\/v2\/posts"}],"about":[{"href":"https:\/\/sv-koerne83.de\/wordpress\/wp-json\/wp\/v2\/types\/post"}],"author":[{"embeddable":true,"href":"https:\/\/sv-koerne83.de\/wordpress\/wp-json\/wp\/v2\/users\/2"}],"replies":[{"embeddable":true,"href":"https:\/\/sv-koerne83.de\/wordpress\/wp-json\/wp\/v2\/comments?post=3770"}],"version-history":[{"count":1,"href":"https:\/\/sv-koerne83.de\/wordpress\/wp-json\/wp\/v2\/posts\/3770\/revisions"}],"predecessor-version":[{"id":3771,"href":"https:\/\/sv-koerne83.de\/wordpress\/wp-json\/wp\/v2\/posts\/3770\/revisions\/3771"}],"wp:featuredmedia":[{"embeddable":true,"href":"https:\/\/sv-koerne83.de\/wordpress\/wp-json\/wp\/v2\/media\/3766"}],"wp:attachment":[{"href":"https:\/\/sv-koerne83.de\/wordpress\/wp-json\/wp\/v2\/media?parent=3770"}],"wp:term":[{"taxonomy":"category","embeddable":true,"href":"https:\/\/sv-koerne83.de\/wordpress\/wp-json\/wp\/v2\/categories?post=3770"},{"taxonomy":"post_tag","embeddable":true,"href":"https:\/\/sv-koerne83.de\/wordpress\/wp-json\/wp\/v2\/tags?post=3770"}],"curies":[{"name":"wp","href":"https:\/\/api.w.org\/{rel}","templated":true}]}}