{"id":3827,"date":"2025-06-06T08:03:24","date_gmt":"2025-06-06T06:03:24","guid":{"rendered":"https:\/\/sv-koerne83.de\/wordpress\/?p=3827"},"modified":"2025-06-06T08:03:26","modified_gmt":"2025-06-06T06:03:26","slug":"platzpflege-waehrend-der-trainingszeit","status":"publish","type":"post","link":"https:\/\/sv-koerne83.de\/wordpress\/2025\/06\/06\/platzpflege-waehrend-der-trainingszeit\/","title":{"rendered":"Platzpflege w\u00e4hrend der Trainingszeit"},"content":{"rendered":"\n<p>Am Mittwoch hat unsere F2 eine kleine Aktion der Platzpflege get\u00e4tigt. Die Jungs haben flei\u00dfig M\u00fcll aufgehoben, um und auf dem Platz, damit der Affenk\u00e4fig weiterhin sch\u00f6n bleibt. Durch die Aktion haben die Kinder Teamwork, Ordnung und Vereinsleben kennengelernt und das man den M\u00fcll in die vorhandenen M\u00fclltonnen zu werfen hat.<\/p>\n","protected":false},"excerpt":{"rendered":"<p>Am Mittwoch hat unsere F2 eine kleine Aktion der Platzpflege get\u00e4tigt. Die Jungs haben flei\u00dfig M\u00fcll aufgehoben, um und auf dem Platz, damit der Affenk\u00e4fig weiterhin sch\u00f6n bleibt. Durch die [&hellip;]<\/p>\n","protected":false},"author":2,"featured_media":3828,"comment_status":"closed","ping_status":"open","sticky":false,"template":"","format":"standard","meta":{"_jetpack_memberships_contains_paid_content":false,"footnotes":""},"categories":[1],"tags":[],"class_list":["post-3827","post","type-post","status-publish","format-standard","has-post-thumbnail","hentry","category-allgemein"],"jetpack_sharing_enabled":true,"jetpack_featured_media_url":"https:\/\/sv-koerne83.de\/wordpress\/wp-content\/uploads\/2025\/06\/WhatsApp-Image-2025-06-05-at-15.46.07.jpeg","_links":{"self":[{"href":"https:\/\/sv-koerne83.de\/wordpress\/wp-json\/wp\/v2\/posts\/3827","targetHints":{"allow":["GET"]}}],"collection":[{"href":"https:\/\/sv-koerne83.de\/wordpress\/wp-json\/wp\/v2\/posts"}],"about":[{"href":"https:\/\/sv-koerne83.de\/wordpress\/wp-json\/wp\/v2\/types\/post"}],"author":[{"embeddable":true,"href":"https:\/\/sv-koerne83.de\/wordpress\/wp-json\/wp\/v2\/users\/2"}],"replies":[{"embeddable":true,"href":"https:\/\/sv-koerne83.de\/wordpress\/wp-json\/wp\/v2\/comments?post=3827"}],"version-history":[{"count":1,"href":"https:\/\/sv-koerne83.de\/wordpress\/wp-json\/wp\/v2\/posts\/3827\/revisions"}],"predecessor-version":[{"id":3829,"href":"https:\/\/sv-koerne83.de\/wordpress\/wp-json\/wp\/v2\/posts\/3827\/revisions\/3829"}],"wp:featuredmedia":[{"embeddable":true,"href":"https:\/\/sv-koerne83.de\/wordpress\/wp-json\/wp\/v2\/media\/3828"}],"wp:attachment":[{"href":"https:\/\/sv-koerne83.de\/wordpress\/wp-json\/wp\/v2\/media?parent=3827"}],"wp:term":[{"taxonomy":"category","embeddable":true,"href":"https:\/\/sv-koerne83.de\/wordpress\/wp-json\/wp\/v2\/categories?post=3827"},{"taxonomy":"post_tag","embeddable":true,"href":"https:\/\/sv-koerne83.de\/wordpress\/wp-json\/wp\/v2\/tags?post=3827"}],"curies":[{"name":"wp","href":"https:\/\/api.w.org\/{rel}","templated":true}]}}