{"id":3832,"date":"2025-06-17T08:24:34","date_gmt":"2025-06-17T06:24:34","guid":{"rendered":"https:\/\/sv-koerne83.de\/wordpress\/?p=3832"},"modified":"2025-06-17T08:24:35","modified_gmt":"2025-06-17T06:24:35","slug":"a-jugend-ein-vorbild-an-teamgeist","status":"publish","type":"post","link":"https:\/\/sv-koerne83.de\/wordpress\/2025\/06\/17\/a-jugend-ein-vorbild-an-teamgeist\/","title":{"rendered":"A-Jugend \u2013 Ein Vorbild an Teamgeist"},"content":{"rendered":"\n<p>Heute m\u00f6chten wir einmal unsere A-Jugend hervorheben und ihr in diesem Jahr den internen Titel &#8222;Mannschaft der Saison der Herzen&#8220; verleihen. Wir alle wissen, dass unsere A-Jugend sportlich gesehen keine gute Saison hatte. Leider musste das Team von Trainer Philipp Stefen in dieser Saison viele Niederlagen hinnehmen und ist mit einem Torverh\u00e4ltnis von 13:205 aus der Sonderklasse abgestiegen.<\/p>\n\n\n\n<p>Wir m\u00f6chten dieses Team hervorheben, weil sie durch Teamgeist, Zusammenhalt und durch Kampfgeist die Saison erhobenen Hauptes zu Ende gespielt haben. F\u00fcr uns ein Vorbild an MANNSCHAFT, die es schafft auch schwierige Zeiten zu \u00fcberstehen. Gewinnen kann jeder aber Niederlagen zu akzeptieren und nicht aufzugeben ist wahre St\u00e4rke.<\/p>\n\n\n\n<p>Das Team von Trainer Philipp Stefen ist, bis auf zwei Ausnahmen, zu jedem Spiel angetreten. Wohl wissend, dass es wahrscheinlich wieder viele Gegentore geben wird. Bei den Trainingseinheiten waren immer zwischen 12 und 18 Spieler am Sportplatz. Wir ziehen den Hut vor eurem Ehrgeiz, vor eurem Bock auf Fu\u00dfball und vor eurer Einstellung niemals aufzugeben. Am morgigen Dienstag findet \u00fcbrigens das A-Jugend Sichtungstraining statt. Hier d\u00fcrfen Spieler der Jahrg\u00e4nge 2007 und 2008 gerne teilnehmen, damit wir in der n\u00e4chsten Saison eine gute Truppe ins Rennen schicken k\u00f6nnen.<\/p>\n","protected":false},"excerpt":{"rendered":"<p>Heute m\u00f6chten wir einmal unsere A-Jugend hervorheben und ihr in diesem Jahr den internen Titel &#8222;Mannschaft der Saison der Herzen&#8220; verleihen. Wir alle wissen, dass unsere A-Jugend sportlich gesehen keine [&hellip;]<\/p>\n","protected":false},"author":2,"featured_media":3831,"comment_status":"closed","ping_status":"open","sticky":false,"template":"","format":"standard","meta":{"_jetpack_memberships_contains_paid_content":false,"footnotes":""},"categories":[1],"tags":[],"class_list":["post-3832","post","type-post","status-publish","format-standard","has-post-thumbnail","hentry","category-allgemein"],"jetpack_sharing_enabled":true,"jetpack_featured_media_url":"https:\/\/sv-koerne83.de\/wordpress\/wp-content\/uploads\/2025\/06\/a-jgd-20242025.png","_links":{"self":[{"href":"https:\/\/sv-koerne83.de\/wordpress\/wp-json\/wp\/v2\/posts\/3832","targetHints":{"allow":["GET"]}}],"collection":[{"href":"https:\/\/sv-koerne83.de\/wordpress\/wp-json\/wp\/v2\/posts"}],"about":[{"href":"https:\/\/sv-koerne83.de\/wordpress\/wp-json\/wp\/v2\/types\/post"}],"author":[{"embeddable":true,"href":"https:\/\/sv-koerne83.de\/wordpress\/wp-json\/wp\/v2\/users\/2"}],"replies":[{"embeddable":true,"href":"https:\/\/sv-koerne83.de\/wordpress\/wp-json\/wp\/v2\/comments?post=3832"}],"version-history":[{"count":1,"href":"https:\/\/sv-koerne83.de\/wordpress\/wp-json\/wp\/v2\/posts\/3832\/revisions"}],"predecessor-version":[{"id":3833,"href":"https:\/\/sv-koerne83.de\/wordpress\/wp-json\/wp\/v2\/posts\/3832\/revisions\/3833"}],"wp:featuredmedia":[{"embeddable":true,"href":"https:\/\/sv-koerne83.de\/wordpress\/wp-json\/wp\/v2\/media\/3831"}],"wp:attachment":[{"href":"https:\/\/sv-koerne83.de\/wordpress\/wp-json\/wp\/v2\/media?parent=3832"}],"wp:term":[{"taxonomy":"category","embeddable":true,"href":"https:\/\/sv-koerne83.de\/wordpress\/wp-json\/wp\/v2\/categories?post=3832"},{"taxonomy":"post_tag","embeddable":true,"href":"https:\/\/sv-koerne83.de\/wordpress\/wp-json\/wp\/v2\/tags?post=3832"}],"curies":[{"name":"wp","href":"https:\/\/api.w.org\/{rel}","templated":true}]}}