{"id":3860,"date":"2025-08-04T10:18:45","date_gmt":"2025-08-04T08:18:45","guid":{"rendered":"https:\/\/sv-koerne83.de\/wordpress\/?p=3860"},"modified":"2025-08-04T10:18:47","modified_gmt":"2025-08-04T08:18:47","slug":"saisonstart-herren","status":"publish","type":"post","link":"https:\/\/sv-koerne83.de\/wordpress\/2025\/08\/04\/saisonstart-herren\/","title":{"rendered":"SAISONSTART HERREN"},"content":{"rendered":"\n<p>Am kommenden Wochenende starten unsere Herren-Mannschaft in die Saison 2025\/2026. F\u00fcr unsere 1. Mannschaft steht die Qualifikation zur Dortmund Liga im Fokus. Das Team von Trainer Viktor Pusch trifft in einer ausgeglichenen Gruppe unter anderem auf den Ortsnachbarn DJK TuS K\u00f6rne, sowie dem Aufstiegsaspiranten H\u00f6rder SC. Im ersten Spiel reist man am Sonntag zur Zweitvertretung vom TuS Holzen-Sommerberg. Ansto\u00df im Eintracht-Stadion in Holzen ist um 12.45 Uhr.<\/p>\n\n\n\n<p>Unsere 2. Mannschaft tritt in dieser Saison in der Kreisliga B4 an. Die Gruppe bietet mit vier K\u00f6rner Vereinen viele Derbys. Das Team von Trainer Philipp Stefen trifft unter anderem auf DJK TuS K\u00f6rne II, FC Dortmund 18 und \u00d6SG Viktoria. Auch in dieser Liga gilt es einen einstelligen Tabellenplatz zu erreichen, um auch in der n\u00e4chsten Saison sicher in der Kreisliga B zu spielen. Die 2. Mannschaft startet am kommenden Sonntag mit einem Heimspiel. Um 15.15 Uhr empf\u00e4ngt man den H\u00f6rder SC III.<\/p>\n\n\n\n<p>Unsere 3. Mannschaft wurde in dieser Saison in die Kreisliga C Gruppe 3 eingeordnet. Hier stehen mit den Spielen gegen DJK TuS K\u00f6rne III, BSG DSW21\/DEW21, \u00d6SG Viktoria II und Wambeler SV II viele Nachbarschaftsduelle an. Im ersten Spiel reist man in den Dortmunder Westen nach B\u00f6vinghausen und trifft dort auf den FC Sandzak II.<\/p>\n","protected":false},"excerpt":{"rendered":"<p>Am kommenden Wochenende starten unsere Herren-Mannschaft in die Saison 2025\/2026. F\u00fcr unsere 1. Mannschaft steht die Qualifikation zur Dortmund Liga im Fokus. Das Team von Trainer Viktor Pusch trifft in [&hellip;]<\/p>\n","protected":false},"author":2,"featured_media":3861,"comment_status":"closed","ping_status":"open","sticky":false,"template":"","format":"standard","meta":{"_jetpack_memberships_contains_paid_content":false,"footnotes":""},"categories":[1],"tags":[],"class_list":["post-3860","post","type-post","status-publish","format-standard","has-post-thumbnail","hentry","category-allgemein"],"jetpack_sharing_enabled":true,"jetpack_featured_media_url":"https:\/\/sv-koerne83.de\/wordpress\/wp-content\/uploads\/2025\/08\/SVK_Saisonstart_2025_2026-scaled.jpg","_links":{"self":[{"href":"https:\/\/sv-koerne83.de\/wordpress\/wp-json\/wp\/v2\/posts\/3860","targetHints":{"allow":["GET"]}}],"collection":[{"href":"https:\/\/sv-koerne83.de\/wordpress\/wp-json\/wp\/v2\/posts"}],"about":[{"href":"https:\/\/sv-koerne83.de\/wordpress\/wp-json\/wp\/v2\/types\/post"}],"author":[{"embeddable":true,"href":"https:\/\/sv-koerne83.de\/wordpress\/wp-json\/wp\/v2\/users\/2"}],"replies":[{"embeddable":true,"href":"https:\/\/sv-koerne83.de\/wordpress\/wp-json\/wp\/v2\/comments?post=3860"}],"version-history":[{"count":1,"href":"https:\/\/sv-koerne83.de\/wordpress\/wp-json\/wp\/v2\/posts\/3860\/revisions"}],"predecessor-version":[{"id":3862,"href":"https:\/\/sv-koerne83.de\/wordpress\/wp-json\/wp\/v2\/posts\/3860\/revisions\/3862"}],"wp:featuredmedia":[{"embeddable":true,"href":"https:\/\/sv-koerne83.de\/wordpress\/wp-json\/wp\/v2\/media\/3861"}],"wp:attachment":[{"href":"https:\/\/sv-koerne83.de\/wordpress\/wp-json\/wp\/v2\/media?parent=3860"}],"wp:term":[{"taxonomy":"category","embeddable":true,"href":"https:\/\/sv-koerne83.de\/wordpress\/wp-json\/wp\/v2\/categories?post=3860"},{"taxonomy":"post_tag","embeddable":true,"href":"https:\/\/sv-koerne83.de\/wordpress\/wp-json\/wp\/v2\/tags?post=3860"}],"curies":[{"name":"wp","href":"https:\/\/api.w.org\/{rel}","templated":true}]}}