{"id":3914,"date":"2025-08-13T09:52:22","date_gmt":"2025-08-13T07:52:22","guid":{"rendered":"https:\/\/sv-koerne83.de\/wordpress\/?p=3914"},"modified":"2025-08-13T09:52:23","modified_gmt":"2025-08-13T07:52:23","slug":"derby-time-am-sonntag","status":"publish","type":"post","link":"https:\/\/sv-koerne83.de\/wordpress\/2025\/08\/13\/derby-time-am-sonntag\/","title":{"rendered":"Derby-Time am Sonntag"},"content":{"rendered":"\n<p>Am Sonntag stehen bereits die ersten Derbys auf dem Spielplan. Die 2. Mannschaft reist zur Lippst\u00e4dterstra\u00dfe und trifft dort auf den FC Dortmund 18. Der Aufsteiger verlor sein erstes Spiel gegen den SV Brackel 06 II mit 5:1. Unsere 2. Mannschaft trennte sich 3:3 unentschieden gegen den H\u00f6rder SC III. Ansto\u00df ist um 15.15 Uhr.<\/p>\n\n\n\n<p>Die 3. Mannschaft empf\u00e4ngt im Affenk\u00e4fig das Team von \u00d6SG Viktoria 08 II. Beide Mannschaften verloren zum Saisonstart ihre Auftaktpartie. Ansto\u00df ist um 13.00 Uhr. Wir sehen uns im Affenk\u00e4fig!<\/p>\n","protected":false},"excerpt":{"rendered":"<p>Am Sonntag stehen bereits die ersten Derbys auf dem Spielplan. Die 2. Mannschaft reist zur Lippst\u00e4dterstra\u00dfe und trifft dort auf den FC Dortmund 18. Der Aufsteiger verlor sein erstes Spiel [&hellip;]<\/p>\n","protected":false},"author":2,"featured_media":3915,"comment_status":"closed","ping_status":"open","sticky":false,"template":"","format":"standard","meta":{"_jetpack_memberships_contains_paid_content":false,"footnotes":""},"categories":[1],"tags":[],"class_list":["post-3914","post","type-post","status-publish","format-standard","has-post-thumbnail","hentry","category-allgemein"],"jetpack_sharing_enabled":true,"jetpack_featured_media_url":"https:\/\/sv-koerne83.de\/wordpress\/wp-content\/uploads\/2025\/08\/SVK_Spieltagsankuendigung_2025_2026_Topspiel-scaled.jpg","_links":{"self":[{"href":"https:\/\/sv-koerne83.de\/wordpress\/wp-json\/wp\/v2\/posts\/3914","targetHints":{"allow":["GET"]}}],"collection":[{"href":"https:\/\/sv-koerne83.de\/wordpress\/wp-json\/wp\/v2\/posts"}],"about":[{"href":"https:\/\/sv-koerne83.de\/wordpress\/wp-json\/wp\/v2\/types\/post"}],"author":[{"embeddable":true,"href":"https:\/\/sv-koerne83.de\/wordpress\/wp-json\/wp\/v2\/users\/2"}],"replies":[{"embeddable":true,"href":"https:\/\/sv-koerne83.de\/wordpress\/wp-json\/wp\/v2\/comments?post=3914"}],"version-history":[{"count":1,"href":"https:\/\/sv-koerne83.de\/wordpress\/wp-json\/wp\/v2\/posts\/3914\/revisions"}],"predecessor-version":[{"id":3916,"href":"https:\/\/sv-koerne83.de\/wordpress\/wp-json\/wp\/v2\/posts\/3914\/revisions\/3916"}],"wp:featuredmedia":[{"embeddable":true,"href":"https:\/\/sv-koerne83.de\/wordpress\/wp-json\/wp\/v2\/media\/3915"}],"wp:attachment":[{"href":"https:\/\/sv-koerne83.de\/wordpress\/wp-json\/wp\/v2\/media?parent=3914"}],"wp:term":[{"taxonomy":"category","embeddable":true,"href":"https:\/\/sv-koerne83.de\/wordpress\/wp-json\/wp\/v2\/categories?post=3914"},{"taxonomy":"post_tag","embeddable":true,"href":"https:\/\/sv-koerne83.de\/wordpress\/wp-json\/wp\/v2\/tags?post=3914"}],"curies":[{"name":"wp","href":"https:\/\/api.w.org\/{rel}","templated":true}]}}