{"id":3917,"date":"2025-08-14T09:25:27","date_gmt":"2025-08-14T07:25:27","guid":{"rendered":"https:\/\/sv-koerne83.de\/wordpress\/?p=3917"},"modified":"2025-08-14T09:25:29","modified_gmt":"2025-08-14T07:25:29","slug":"heimspielpremiere-fuer-die-erste","status":"publish","type":"post","link":"https:\/\/sv-koerne83.de\/wordpress\/2025\/08\/14\/heimspielpremiere-fuer-die-erste\/","title":{"rendered":"Heimspielpremiere f\u00fcr die Erste"},"content":{"rendered":"\n<p>Am Sonntag bestreitet unsere 1. Mannschaft ihr erstes Heimspiel in dieser Saison. Zu Gast kommt direkt der Aufstiegsfavorit vom H\u00f6rder SC. Nach dem Sieg im ersten Spiel gegen den TuS Holzen-Sommerberg II steht das Team von Trainer Viktor Pusch auf dem ersten Tabellenplatz. Der Gast aus H\u00f6rde trennte sich im Auftaktspiel im H\u00f6rder-Derby 1:1 unentschieden. Ansto\u00df ist am Sonntag um 15.15 Uhr. Wir sehen uns im Affenk\u00e4fig!<\/p>\n","protected":false},"excerpt":{"rendered":"<p>Am Sonntag bestreitet unsere 1. Mannschaft ihr erstes Heimspiel in dieser Saison. Zu Gast kommt direkt der Aufstiegsfavorit vom H\u00f6rder SC. Nach dem Sieg im ersten Spiel gegen den TuS [&hellip;]<\/p>\n","protected":false},"author":2,"featured_media":3918,"comment_status":"closed","ping_status":"open","sticky":false,"template":"","format":"standard","meta":{"_jetpack_memberships_contains_paid_content":false,"footnotes":""},"categories":[1],"tags":[],"class_list":["post-3917","post","type-post","status-publish","format-standard","has-post-thumbnail","hentry","category-allgemein"],"jetpack_sharing_enabled":true,"jetpack_featured_media_url":"https:\/\/sv-koerne83.de\/wordpress\/wp-content\/uploads\/2025\/08\/SVK_Spieltagsankuendigung_2025_2026_Topspiel2-scaled.jpg","_links":{"self":[{"href":"https:\/\/sv-koerne83.de\/wordpress\/wp-json\/wp\/v2\/posts\/3917","targetHints":{"allow":["GET"]}}],"collection":[{"href":"https:\/\/sv-koerne83.de\/wordpress\/wp-json\/wp\/v2\/posts"}],"about":[{"href":"https:\/\/sv-koerne83.de\/wordpress\/wp-json\/wp\/v2\/types\/post"}],"author":[{"embeddable":true,"href":"https:\/\/sv-koerne83.de\/wordpress\/wp-json\/wp\/v2\/users\/2"}],"replies":[{"embeddable":true,"href":"https:\/\/sv-koerne83.de\/wordpress\/wp-json\/wp\/v2\/comments?post=3917"}],"version-history":[{"count":1,"href":"https:\/\/sv-koerne83.de\/wordpress\/wp-json\/wp\/v2\/posts\/3917\/revisions"}],"predecessor-version":[{"id":3919,"href":"https:\/\/sv-koerne83.de\/wordpress\/wp-json\/wp\/v2\/posts\/3917\/revisions\/3919"}],"wp:featuredmedia":[{"embeddable":true,"href":"https:\/\/sv-koerne83.de\/wordpress\/wp-json\/wp\/v2\/media\/3918"}],"wp:attachment":[{"href":"https:\/\/sv-koerne83.de\/wordpress\/wp-json\/wp\/v2\/media?parent=3917"}],"wp:term":[{"taxonomy":"category","embeddable":true,"href":"https:\/\/sv-koerne83.de\/wordpress\/wp-json\/wp\/v2\/categories?post=3917"},{"taxonomy":"post_tag","embeddable":true,"href":"https:\/\/sv-koerne83.de\/wordpress\/wp-json\/wp\/v2\/tags?post=3917"}],"curies":[{"name":"wp","href":"https:\/\/api.w.org\/{rel}","templated":true}]}}