{"id":3928,"date":"2025-08-21T07:47:54","date_gmt":"2025-08-21T05:47:54","guid":{"rendered":"https:\/\/sv-koerne83.de\/wordpress\/?p=3928"},"modified":"2025-08-21T07:47:56","modified_gmt":"2025-08-21T05:47:56","slug":"derby-fuer-die-3-mannschaft","status":"publish","type":"post","link":"https:\/\/sv-koerne83.de\/wordpress\/2025\/08\/21\/derby-fuer-die-3-mannschaft\/","title":{"rendered":"Derby f\u00fcr die 3. Mannschaft"},"content":{"rendered":"\n<p>Auch an diesem Sonntag steht f\u00fcr unsere 3. Mannschaft erneut ein Derby an. Nach dem Last-Minute-Sieg am letzten Sonntag (3:2 gegen \u00d6SG Viktoria 08 II) trifft das Team von Trainer Tobias Schigowski nun auf DJK TuS K\u00f6rne III. Die K\u00f6rner vom Zippen belegen nach 2 Spielen den 13. Tabellenplatz und konnten noch keinen Saisonsieg einfahren. Unsere 3. Mannschaft belegt aktuell den 5. Tabellenplatz. Ansto\u00df auf der Sportanlage am Zippen ist um 13.00 Uhr.<\/p>\n","protected":false},"excerpt":{"rendered":"<p>Auch an diesem Sonntag steht f\u00fcr unsere 3. Mannschaft erneut ein Derby an. Nach dem Last-Minute-Sieg am letzten Sonntag (3:2 gegen \u00d6SG Viktoria 08 II) trifft das Team von Trainer [&hellip;]<\/p>\n","protected":false},"author":2,"featured_media":3929,"comment_status":"closed","ping_status":"open","sticky":false,"template":"","format":"standard","meta":{"_jetpack_memberships_contains_paid_content":false,"footnotes":""},"categories":[1],"tags":[],"class_list":["post-3928","post","type-post","status-publish","format-standard","has-post-thumbnail","hentry","category-allgemein"],"jetpack_sharing_enabled":true,"jetpack_featured_media_url":"https:\/\/sv-koerne83.de\/wordpress\/wp-content\/uploads\/2025\/08\/SVK_Spieltagsankuendigung_2025_2026_HP-scaled.jpg","_links":{"self":[{"href":"https:\/\/sv-koerne83.de\/wordpress\/wp-json\/wp\/v2\/posts\/3928","targetHints":{"allow":["GET"]}}],"collection":[{"href":"https:\/\/sv-koerne83.de\/wordpress\/wp-json\/wp\/v2\/posts"}],"about":[{"href":"https:\/\/sv-koerne83.de\/wordpress\/wp-json\/wp\/v2\/types\/post"}],"author":[{"embeddable":true,"href":"https:\/\/sv-koerne83.de\/wordpress\/wp-json\/wp\/v2\/users\/2"}],"replies":[{"embeddable":true,"href":"https:\/\/sv-koerne83.de\/wordpress\/wp-json\/wp\/v2\/comments?post=3928"}],"version-history":[{"count":2,"href":"https:\/\/sv-koerne83.de\/wordpress\/wp-json\/wp\/v2\/posts\/3928\/revisions"}],"predecessor-version":[{"id":3944,"href":"https:\/\/sv-koerne83.de\/wordpress\/wp-json\/wp\/v2\/posts\/3928\/revisions\/3944"}],"wp:featuredmedia":[{"embeddable":true,"href":"https:\/\/sv-koerne83.de\/wordpress\/wp-json\/wp\/v2\/media\/3929"}],"wp:attachment":[{"href":"https:\/\/sv-koerne83.de\/wordpress\/wp-json\/wp\/v2\/media?parent=3928"}],"wp:term":[{"taxonomy":"category","embeddable":true,"href":"https:\/\/sv-koerne83.de\/wordpress\/wp-json\/wp\/v2\/categories?post=3928"},{"taxonomy":"post_tag","embeddable":true,"href":"https:\/\/sv-koerne83.de\/wordpress\/wp-json\/wp\/v2\/tags?post=3928"}],"curies":[{"name":"wp","href":"https:\/\/api.w.org\/{rel}","templated":true}]}}