{"id":3937,"date":"2025-08-20T09:24:45","date_gmt":"2025-08-20T07:24:45","guid":{"rendered":"https:\/\/sv-koerne83.de\/wordpress\/?p=3937"},"modified":"2025-08-20T09:25:44","modified_gmt":"2025-08-20T07:25:44","slug":"kreisliga-fussballer-der-saison-tommy-rucinskas-nominiert","status":"publish","type":"post","link":"https:\/\/sv-koerne83.de\/wordpress\/2025\/08\/20\/kreisliga-fussballer-der-saison-tommy-rucinskas-nominiert\/","title":{"rendered":"Kreisliga-Fu\u00dfballer der Saison &#8211; Tommy Rucinskas nominiert"},"content":{"rendered":"\n<p>Unser Spieler Tomas Rucinskas wurde zur Wahl zum Kreisliga-Fu\u00dfballer der Saison 2024\/2025 nominiert. Auf der Seite der Ruhr Nachrichten k\u00f6nnt ihr f\u00fcr ihn abstimmen. Also ab auf die Seite und f\u00fcr Tommy stimmen. Eure Stimmen k\u00f6nnt ihr bis zum 27. August (23:59 Uhr) abgeben.<\/p>\n\n\n\n<div class=\"wp-block-buttons is-layout-flex wp-block-buttons-is-layout-flex\">\n<div class=\"wp-block-button\"><a class=\"wp-block-button__link wp-element-button\" href=\"https:\/\/www.ruhrnachrichten.de\/dortmund-sport\/dortmunds-amateurfussballer-der-saison-jetzt-in-drei-kategorien-abstimmen-w1067969-2001774511\/\">Hier geht&#8217;s zur Abstimmung<\/a><\/div>\n<\/div>\n","protected":false},"excerpt":{"rendered":"<p>Unser Spieler Tomas Rucinskas wurde zur Wahl zum Kreisliga-Fu\u00dfballer der Saison 2024\/2025 nominiert. Auf der Seite der Ruhr Nachrichten k\u00f6nnt ihr f\u00fcr ihn abstimmen. Also ab auf die Seite und [&hellip;]<\/p>\n","protected":false},"author":2,"featured_media":3939,"comment_status":"closed","ping_status":"open","sticky":false,"template":"","format":"standard","meta":{"_jetpack_memberships_contains_paid_content":false,"footnotes":""},"categories":[1],"tags":[],"class_list":["post-3937","post","type-post","status-publish","format-standard","has-post-thumbnail","hentry","category-allgemein"],"jetpack_sharing_enabled":true,"jetpack_featured_media_url":"https:\/\/sv-koerne83.de\/wordpress\/wp-content\/uploads\/2025\/08\/tommy-scaled.jpg","_links":{"self":[{"href":"https:\/\/sv-koerne83.de\/wordpress\/wp-json\/wp\/v2\/posts\/3937","targetHints":{"allow":["GET"]}}],"collection":[{"href":"https:\/\/sv-koerne83.de\/wordpress\/wp-json\/wp\/v2\/posts"}],"about":[{"href":"https:\/\/sv-koerne83.de\/wordpress\/wp-json\/wp\/v2\/types\/post"}],"author":[{"embeddable":true,"href":"https:\/\/sv-koerne83.de\/wordpress\/wp-json\/wp\/v2\/users\/2"}],"replies":[{"embeddable":true,"href":"https:\/\/sv-koerne83.de\/wordpress\/wp-json\/wp\/v2\/comments?post=3937"}],"version-history":[{"count":3,"href":"https:\/\/sv-koerne83.de\/wordpress\/wp-json\/wp\/v2\/posts\/3937\/revisions"}],"predecessor-version":[{"id":3942,"href":"https:\/\/sv-koerne83.de\/wordpress\/wp-json\/wp\/v2\/posts\/3937\/revisions\/3942"}],"wp:featuredmedia":[{"embeddable":true,"href":"https:\/\/sv-koerne83.de\/wordpress\/wp-json\/wp\/v2\/media\/3939"}],"wp:attachment":[{"href":"https:\/\/sv-koerne83.de\/wordpress\/wp-json\/wp\/v2\/media?parent=3937"}],"wp:term":[{"taxonomy":"category","embeddable":true,"href":"https:\/\/sv-koerne83.de\/wordpress\/wp-json\/wp\/v2\/categories?post=3937"},{"taxonomy":"post_tag","embeddable":true,"href":"https:\/\/sv-koerne83.de\/wordpress\/wp-json\/wp\/v2\/tags?post=3937"}],"curies":[{"name":"wp","href":"https:\/\/api.w.org\/{rel}","templated":true}]}}