{"id":3949,"date":"2025-08-22T07:22:00","date_gmt":"2025-08-22T05:22:00","guid":{"rendered":"https:\/\/sv-koerne83.de\/wordpress\/?p=3949"},"modified":"2025-08-22T07:22:01","modified_gmt":"2025-08-22T05:22:01","slug":"schweres-auswaertsspiel-in-gahmen","status":"publish","type":"post","link":"https:\/\/sv-koerne83.de\/wordpress\/2025\/08\/22\/schweres-auswaertsspiel-in-gahmen\/","title":{"rendered":"Schweres Ausw\u00e4rtsspiel in Gahmen"},"content":{"rendered":"\n<p>Unsere 1. Mannschaft reist am Sonntag nach L\u00fcnen und trifft auf die SG Gahmen. Das Team aus dem L\u00fcner S\u00fcden gewann ihr Auftaktspiel gegen die Dortmunder L\u00f6wen II knapp mit 2:1. Im zweiten Spiel gab es eine empfindliche 5:1 Klatsche gegen den VfL H\u00f6rde. Trainer Semistan Tikici fordert von der Mannschaft am Sonntag eine Reaktion.<\/p>\n\n\n\n<p>F\u00fcr unsere 1. Mannschaft kann das Spiel schon ein richtungsweisendes Spiel sein. Mit einem Sieg hat man nach drei Spielen 7 Punkte auf dem Konto. In dieser sehr engen Kreisligagruppe ist jeder Punkt wichtig. Ansto\u00df in der Waldfreiheit in Gahmen ist um 15.15 Uhr.<\/p>\n","protected":false},"excerpt":{"rendered":"<p>Unsere 1. Mannschaft reist am Sonntag nach L\u00fcnen und trifft auf die SG Gahmen. Das Team aus dem L\u00fcner S\u00fcden gewann ihr Auftaktspiel gegen die Dortmunder L\u00f6wen II knapp mit [&hellip;]<\/p>\n","protected":false},"author":2,"featured_media":3948,"comment_status":"closed","ping_status":"open","sticky":false,"template":"","format":"standard","meta":{"_jetpack_memberships_contains_paid_content":false,"footnotes":""},"categories":[1],"tags":[],"class_list":["post-3949","post","type-post","status-publish","format-standard","has-post-thumbnail","hentry","category-allgemein"],"jetpack_sharing_enabled":true,"jetpack_featured_media_url":"https:\/\/sv-koerne83.de\/wordpress\/wp-content\/uploads\/2025\/08\/SVK_Spieltagsankuendigung_2025_2026_HP_schweres-Auswaertsspiel-scaled.jpg","_links":{"self":[{"href":"https:\/\/sv-koerne83.de\/wordpress\/wp-json\/wp\/v2\/posts\/3949","targetHints":{"allow":["GET"]}}],"collection":[{"href":"https:\/\/sv-koerne83.de\/wordpress\/wp-json\/wp\/v2\/posts"}],"about":[{"href":"https:\/\/sv-koerne83.de\/wordpress\/wp-json\/wp\/v2\/types\/post"}],"author":[{"embeddable":true,"href":"https:\/\/sv-koerne83.de\/wordpress\/wp-json\/wp\/v2\/users\/2"}],"replies":[{"embeddable":true,"href":"https:\/\/sv-koerne83.de\/wordpress\/wp-json\/wp\/v2\/comments?post=3949"}],"version-history":[{"count":2,"href":"https:\/\/sv-koerne83.de\/wordpress\/wp-json\/wp\/v2\/posts\/3949\/revisions"}],"predecessor-version":[{"id":3951,"href":"https:\/\/sv-koerne83.de\/wordpress\/wp-json\/wp\/v2\/posts\/3949\/revisions\/3951"}],"wp:featuredmedia":[{"embeddable":true,"href":"https:\/\/sv-koerne83.de\/wordpress\/wp-json\/wp\/v2\/media\/3948"}],"wp:attachment":[{"href":"https:\/\/sv-koerne83.de\/wordpress\/wp-json\/wp\/v2\/media?parent=3949"}],"wp:term":[{"taxonomy":"category","embeddable":true,"href":"https:\/\/sv-koerne83.de\/wordpress\/wp-json\/wp\/v2\/categories?post=3949"},{"taxonomy":"post_tag","embeddable":true,"href":"https:\/\/sv-koerne83.de\/wordpress\/wp-json\/wp\/v2\/tags?post=3949"}],"curies":[{"name":"wp","href":"https:\/\/api.w.org\/{rel}","templated":true}]}}