{"id":3971,"date":"2025-08-29T11:24:40","date_gmt":"2025-08-29T09:24:40","guid":{"rendered":"https:\/\/sv-koerne83.de\/wordpress\/?p=3971"},"modified":"2025-08-29T11:24:41","modified_gmt":"2025-08-29T09:24:41","slug":"dritte-trifft-auf-tabellenfuehrer-erste-empfaengt-luenen","status":"publish","type":"post","link":"https:\/\/sv-koerne83.de\/wordpress\/2025\/08\/29\/dritte-trifft-auf-tabellenfuehrer-erste-empfaengt-luenen\/","title":{"rendered":"Dritte trifft auf Tabellenf\u00fchrer &#8211; Erste empf\u00e4ngt L\u00fcnen"},"content":{"rendered":"\n<p>Am Sonntag finden zwei Spiele bei uns auf dem Sportplatz statt. Die 3. Mannschaft empf\u00e4ngt den aktuellen Tabellenf\u00fchrer Eintracht Dorstfeld III. Die Dorstfelder konnten alle bisherigen Spiele gewinnen. Unsere 3. Mannschaft belegt mit lediglich einer Niederlage den 3. Tabellenplatz. Spannung ist hier also garantiert. Ansto\u00df ist um 13.00 Uhr.<\/p>\n\n\n\n<p>Unsere 1. Mannschaft empf\u00e4ngt im Heimspiel das Team vom VfB L\u00fcnen. Die S\u00fcder aus L\u00fcnen belegen aktuell den 14. Tabellenplatz mit 2 Punkten auf ihrem Konto. Unsere 1. Mannschaft belegt den 4. Tabellenplatz und kann mit einem Sieg den Anschluss an die Spitzengruppe halten. Ansto\u00df im Affenk\u00e4fig ist um 15.15 Uhr.<\/p>\n","protected":false},"excerpt":{"rendered":"<p>Am Sonntag finden zwei Spiele bei uns auf dem Sportplatz statt. Die 3. Mannschaft empf\u00e4ngt den aktuellen Tabellenf\u00fchrer Eintracht Dorstfeld III. Die Dorstfelder konnten alle bisherigen Spiele gewinnen. Unsere 3. [&hellip;]<\/p>\n","protected":false},"author":2,"featured_media":3972,"comment_status":"closed","ping_status":"open","sticky":false,"template":"","format":"standard","meta":{"_jetpack_memberships_contains_paid_content":false,"footnotes":""},"categories":[1],"tags":[],"class_list":["post-3971","post","type-post","status-publish","format-standard","has-post-thumbnail","hentry","category-allgemein"],"jetpack_sharing_enabled":true,"jetpack_featured_media_url":"https:\/\/sv-koerne83.de\/wordpress\/wp-content\/uploads\/2025\/08\/SVK_Spieltagsankuendigung_2025_2026_HP4-scaled.jpg","_links":{"self":[{"href":"https:\/\/sv-koerne83.de\/wordpress\/wp-json\/wp\/v2\/posts\/3971","targetHints":{"allow":["GET"]}}],"collection":[{"href":"https:\/\/sv-koerne83.de\/wordpress\/wp-json\/wp\/v2\/posts"}],"about":[{"href":"https:\/\/sv-koerne83.de\/wordpress\/wp-json\/wp\/v2\/types\/post"}],"author":[{"embeddable":true,"href":"https:\/\/sv-koerne83.de\/wordpress\/wp-json\/wp\/v2\/users\/2"}],"replies":[{"embeddable":true,"href":"https:\/\/sv-koerne83.de\/wordpress\/wp-json\/wp\/v2\/comments?post=3971"}],"version-history":[{"count":2,"href":"https:\/\/sv-koerne83.de\/wordpress\/wp-json\/wp\/v2\/posts\/3971\/revisions"}],"predecessor-version":[{"id":3976,"href":"https:\/\/sv-koerne83.de\/wordpress\/wp-json\/wp\/v2\/posts\/3971\/revisions\/3976"}],"wp:featuredmedia":[{"embeddable":true,"href":"https:\/\/sv-koerne83.de\/wordpress\/wp-json\/wp\/v2\/media\/3972"}],"wp:attachment":[{"href":"https:\/\/sv-koerne83.de\/wordpress\/wp-json\/wp\/v2\/media?parent=3971"}],"wp:term":[{"taxonomy":"category","embeddable":true,"href":"https:\/\/sv-koerne83.de\/wordpress\/wp-json\/wp\/v2\/categories?post=3971"},{"taxonomy":"post_tag","embeddable":true,"href":"https:\/\/sv-koerne83.de\/wordpress\/wp-json\/wp\/v2\/tags?post=3971"}],"curies":[{"name":"wp","href":"https:\/\/api.w.org\/{rel}","templated":true}]}}