{"id":3987,"date":"2025-09-02T13:26:41","date_gmt":"2025-09-02T11:26:41","guid":{"rendered":"https:\/\/sv-koerne83.de\/wordpress\/?p=3987"},"modified":"2025-09-02T13:26:43","modified_gmt":"2025-09-02T11:26:43","slug":"saisonstart-bei-der-jugend","status":"publish","type":"post","link":"https:\/\/sv-koerne83.de\/wordpress\/2025\/09\/02\/saisonstart-bei-der-jugend\/","title":{"rendered":"Saisonstart bei der Jugend"},"content":{"rendered":"\n<p>An diesem Wochenende starten auch unsere Jugendmannschaften in die Saison 2025\/2026. Wir gehen bereits das dritte Mal in Folge mit 14 Jugendmannschaften in die Saison. Somit stellen wir den gr\u00f6\u00dften Jugendfu\u00dfballbereich in K\u00f6rne und uns erreichen t\u00e4glich neue Anfragen, ob wir noch Spieler aufnehmen. Leider kommen unsere Kapazit\u00e4ten aber an ihre Grenzen und wir m\u00fcssen vermehrt Absagen mitteilen und die Kids vertr\u00f6sten. Wer also Interesse hat, sich gerade im Kleinfeldfu\u00dfball zu engagieren, darf sich gerne melden.<\/p>\n\n\n\n<p><strong>Nun aber zum Sportlichen:<\/strong><br>SAMSTAG (06.09.2025)<br>\ud83d\udc49 8 Heimspiele unserer Jugendmannschaften<br>10.00 Uhr: G vs. Eving Selimiye Spor<br>10.00 Uhr: F3 vs. ASC 09 Dortmund<br>11.15 Uhr: F2 vs. BW Huckarde III<br>11.15 Uhr: E2 vs. SG Gahmen<br>12.30 Uhr: E1 vs. SG Gahmen II<br>13.45 Uhr: D3 vs. BV L\u00fcnen 05<br>15.00 Uhr: D2 vs. Preu\u00dfen L\u00fcnen III<br>16.30 Uhr: C2 vs. FC Wellinghofen<\/p>\n\n\n\n<p>\ud83d\udc49 3 Ausw\u00e4rtsspiele unserer Jugendmannschaften<br>11.45 Uhr: F1 vs. SC Husen Kurl<br>13.30 Uhr: D1 vs. FC Br\u00fcnninghausen II<br>14.00 Uhr: C1 vs. RW Barop II<\/p>\n\n\n\n<p>SONNTAG (07.09.2025)<br>\ud83d\udc49 2 Heimspiele unserer Jugendmannschaften<br>11.00 Uhr: B1 vs. Preu\u00dfen L\u00fcnen II<br>13.00 Uhr: A vs. VfL H\u00f6rde<\/p>\n\n\n\n<p>\ud83d\udc49 1 Ausw\u00e4rtsspiel unserer Jugendmannschaften<br>09.15 Uhr: B2 vs. BSV Fortuna<\/p>\n","protected":false},"excerpt":{"rendered":"<p>An diesem Wochenende starten auch unsere Jugendmannschaften in die Saison 2025\/2026. Wir gehen bereits das dritte Mal in Folge mit 14 Jugendmannschaften in die Saison. Somit stellen wir den gr\u00f6\u00dften [&hellip;]<\/p>\n","protected":false},"author":2,"featured_media":3990,"comment_status":"closed","ping_status":"open","sticky":false,"template":"","format":"standard","meta":{"_jetpack_memberships_contains_paid_content":false,"footnotes":""},"categories":[1],"tags":[],"class_list":["post-3987","post","type-post","status-publish","format-standard","has-post-thumbnail","hentry","category-allgemein"],"jetpack_sharing_enabled":true,"jetpack_featured_media_url":"https:\/\/sv-koerne83.de\/wordpress\/wp-content\/uploads\/2025\/09\/SVK_Spieltagsankuendigung_2025_2026_HP_saisonstartjugend.jpg","_links":{"self":[{"href":"https:\/\/sv-koerne83.de\/wordpress\/wp-json\/wp\/v2\/posts\/3987","targetHints":{"allow":["GET"]}}],"collection":[{"href":"https:\/\/sv-koerne83.de\/wordpress\/wp-json\/wp\/v2\/posts"}],"about":[{"href":"https:\/\/sv-koerne83.de\/wordpress\/wp-json\/wp\/v2\/types\/post"}],"author":[{"embeddable":true,"href":"https:\/\/sv-koerne83.de\/wordpress\/wp-json\/wp\/v2\/users\/2"}],"replies":[{"embeddable":true,"href":"https:\/\/sv-koerne83.de\/wordpress\/wp-json\/wp\/v2\/comments?post=3987"}],"version-history":[{"count":3,"href":"https:\/\/sv-koerne83.de\/wordpress\/wp-json\/wp\/v2\/posts\/3987\/revisions"}],"predecessor-version":[{"id":3991,"href":"https:\/\/sv-koerne83.de\/wordpress\/wp-json\/wp\/v2\/posts\/3987\/revisions\/3991"}],"wp:featuredmedia":[{"embeddable":true,"href":"https:\/\/sv-koerne83.de\/wordpress\/wp-json\/wp\/v2\/media\/3990"}],"wp:attachment":[{"href":"https:\/\/sv-koerne83.de\/wordpress\/wp-json\/wp\/v2\/media?parent=3987"}],"wp:term":[{"taxonomy":"category","embeddable":true,"href":"https:\/\/sv-koerne83.de\/wordpress\/wp-json\/wp\/v2\/categories?post=3987"},{"taxonomy":"post_tag","embeddable":true,"href":"https:\/\/sv-koerne83.de\/wordpress\/wp-json\/wp\/v2\/tags?post=3987"}],"curies":[{"name":"wp","href":"https:\/\/api.w.org\/{rel}","templated":true}]}}