{"id":4006,"date":"2025-09-04T11:15:47","date_gmt":"2025-09-04T09:15:47","guid":{"rendered":"https:\/\/sv-koerne83.de\/wordpress\/?p=4006"},"modified":"2025-09-04T11:15:49","modified_gmt":"2025-09-04T09:15:49","slug":"auswaerts-im-rosengarten","status":"publish","type":"post","link":"https:\/\/sv-koerne83.de\/wordpress\/2025\/09\/04\/auswaerts-im-rosengarten\/","title":{"rendered":"Ausw\u00e4rts im Rosengarten"},"content":{"rendered":"\n<p>Die 1. Mannschaft reist am Sonntag zum Ausw\u00e4rtsspiel nach S\u00f6lde. Die Zweitvertretung vom VfR stieg in der letzten Saison aus der Bezirksliga ab und belegt aktuell den 16. Platz. In dieser Saison konnten die S\u00f6lder noch kein Spiel gewinnen. F\u00fcr unsere 1. Mannschaft w\u00fcrde ein weiterer Sieg die Festigung im oberen Bereich der Tabelle bedeuten. Trotz der eindeutigen Tabellenkonstellation ist und bleibt das Gastspiel beim VfR kein Leichtes. Ansto\u00df im Rosengarten ist um 13.00 Uhr.<\/p>\n","protected":false},"excerpt":{"rendered":"<p>Die 1. Mannschaft reist am Sonntag zum Ausw\u00e4rtsspiel nach S\u00f6lde. Die Zweitvertretung vom VfR stieg in der letzten Saison aus der Bezirksliga ab und belegt aktuell den 16. Platz. In [&hellip;]<\/p>\n","protected":false},"author":2,"featured_media":4007,"comment_status":"closed","ping_status":"open","sticky":false,"template":"","format":"standard","meta":{"_jetpack_memberships_contains_paid_content":false,"footnotes":""},"categories":[1],"tags":[],"class_list":["post-4006","post","type-post","status-publish","format-standard","has-post-thumbnail","hentry","category-allgemein"],"jetpack_sharing_enabled":true,"jetpack_featured_media_url":"https:\/\/sv-koerne83.de\/wordpress\/wp-content\/uploads\/2025\/09\/SVK_Spieltagsankuendigung_2025_2026_HP-scaled.jpg","_links":{"self":[{"href":"https:\/\/sv-koerne83.de\/wordpress\/wp-json\/wp\/v2\/posts\/4006","targetHints":{"allow":["GET"]}}],"collection":[{"href":"https:\/\/sv-koerne83.de\/wordpress\/wp-json\/wp\/v2\/posts"}],"about":[{"href":"https:\/\/sv-koerne83.de\/wordpress\/wp-json\/wp\/v2\/types\/post"}],"author":[{"embeddable":true,"href":"https:\/\/sv-koerne83.de\/wordpress\/wp-json\/wp\/v2\/users\/2"}],"replies":[{"embeddable":true,"href":"https:\/\/sv-koerne83.de\/wordpress\/wp-json\/wp\/v2\/comments?post=4006"}],"version-history":[{"count":1,"href":"https:\/\/sv-koerne83.de\/wordpress\/wp-json\/wp\/v2\/posts\/4006\/revisions"}],"predecessor-version":[{"id":4008,"href":"https:\/\/sv-koerne83.de\/wordpress\/wp-json\/wp\/v2\/posts\/4006\/revisions\/4008"}],"wp:featuredmedia":[{"embeddable":true,"href":"https:\/\/sv-koerne83.de\/wordpress\/wp-json\/wp\/v2\/media\/4007"}],"wp:attachment":[{"href":"https:\/\/sv-koerne83.de\/wordpress\/wp-json\/wp\/v2\/media?parent=4006"}],"wp:term":[{"taxonomy":"category","embeddable":true,"href":"https:\/\/sv-koerne83.de\/wordpress\/wp-json\/wp\/v2\/categories?post=4006"},{"taxonomy":"post_tag","embeddable":true,"href":"https:\/\/sv-koerne83.de\/wordpress\/wp-json\/wp\/v2\/tags?post=4006"}],"curies":[{"name":"wp","href":"https:\/\/api.w.org\/{rel}","templated":true}]}}