{"id":4017,"date":"2025-09-12T08:51:32","date_gmt":"2025-09-12T06:51:32","guid":{"rendered":"https:\/\/sv-koerne83.de\/wordpress\/?p=4017"},"modified":"2025-09-12T08:51:33","modified_gmt":"2025-09-12T06:51:33","slug":"heimspiel-gegen-die-loewen","status":"publish","type":"post","link":"https:\/\/sv-koerne83.de\/wordpress\/2025\/09\/12\/heimspiel-gegen-die-loewen\/","title":{"rendered":"Heimspiel gegen die L\u00f6wen"},"content":{"rendered":"\n<p>Am Sonntag empf\u00e4ngt unsere 1. Mannschaft die Zweitvertretung von den Dortmunder L\u00f6wen. Das Team aus Brackel belegt aktuell den 11. Tabellenplatz und konnte in dieser Saison einen Sieg einfahren. Im letzten Spiel verlor man gegen den Tabellenf\u00fchrer VfL H\u00f6rde mit 5:3. Unsere 1. Mannschaft kann nach dem knappen Ausw\u00e4rtserfolg in S\u00f6lde einen weiteren Sieg einfahren, der das Team von Viktor Pusch weiterhin im oberen Tabellenbereich platziert. Ansto\u00df am Winkelriedweg ist um 15.15 Uhr. Wir sehen uns im Affenk\u00e4fig!<\/p>\n","protected":false},"excerpt":{"rendered":"<p>Am Sonntag empf\u00e4ngt unsere 1. Mannschaft die Zweitvertretung von den Dortmunder L\u00f6wen. Das Team aus Brackel belegt aktuell den 11. Tabellenplatz und konnte in dieser Saison einen Sieg einfahren. Im [&hellip;]<\/p>\n","protected":false},"author":2,"featured_media":4018,"comment_status":"closed","ping_status":"open","sticky":false,"template":"","format":"standard","meta":{"_jetpack_memberships_contains_paid_content":false,"footnotes":""},"categories":[1],"tags":[],"class_list":["post-4017","post","type-post","status-publish","format-standard","has-post-thumbnail","hentry","category-allgemein"],"jetpack_sharing_enabled":true,"jetpack_featured_media_url":"https:\/\/sv-koerne83.de\/wordpress\/wp-content\/uploads\/2025\/09\/SVK_Spieltagsankuendigung_2025_2026_Heimspiel-erste-scaled.jpg","_links":{"self":[{"href":"https:\/\/sv-koerne83.de\/wordpress\/wp-json\/wp\/v2\/posts\/4017","targetHints":{"allow":["GET"]}}],"collection":[{"href":"https:\/\/sv-koerne83.de\/wordpress\/wp-json\/wp\/v2\/posts"}],"about":[{"href":"https:\/\/sv-koerne83.de\/wordpress\/wp-json\/wp\/v2\/types\/post"}],"author":[{"embeddable":true,"href":"https:\/\/sv-koerne83.de\/wordpress\/wp-json\/wp\/v2\/users\/2"}],"replies":[{"embeddable":true,"href":"https:\/\/sv-koerne83.de\/wordpress\/wp-json\/wp\/v2\/comments?post=4017"}],"version-history":[{"count":1,"href":"https:\/\/sv-koerne83.de\/wordpress\/wp-json\/wp\/v2\/posts\/4017\/revisions"}],"predecessor-version":[{"id":4019,"href":"https:\/\/sv-koerne83.de\/wordpress\/wp-json\/wp\/v2\/posts\/4017\/revisions\/4019"}],"wp:featuredmedia":[{"embeddable":true,"href":"https:\/\/sv-koerne83.de\/wordpress\/wp-json\/wp\/v2\/media\/4018"}],"wp:attachment":[{"href":"https:\/\/sv-koerne83.de\/wordpress\/wp-json\/wp\/v2\/media?parent=4017"}],"wp:term":[{"taxonomy":"category","embeddable":true,"href":"https:\/\/sv-koerne83.de\/wordpress\/wp-json\/wp\/v2\/categories?post=4017"},{"taxonomy":"post_tag","embeddable":true,"href":"https:\/\/sv-koerne83.de\/wordpress\/wp-json\/wp\/v2\/tags?post=4017"}],"curies":[{"name":"wp","href":"https:\/\/api.w.org\/{rel}","templated":true}]}}