{"id":4044,"date":"2025-09-24T08:43:20","date_gmt":"2025-09-24T06:43:20","guid":{"rendered":"https:\/\/sv-koerne83.de\/wordpress\/?p=4044"},"modified":"2025-09-24T08:43:22","modified_gmt":"2025-09-24T06:43:22","slug":"derby-am-freitagabend","status":"publish","type":"post","link":"https:\/\/sv-koerne83.de\/wordpress\/2025\/09\/24\/derby-am-freitagabend\/","title":{"rendered":"Derby am Freitagabend"},"content":{"rendered":"\n<p>Am Freitag findet bei uns auf der Sportanlage das Derby gegen DJK TuS K\u00f6rne statt. Die Mannschaft vom Zippen belegt aktuell den 6. Tabellenplatz und verzeichnete in den letzten vier Spielen (SF S\u00f6lderholz, VfL H\u00f6rde, SC Husen Kurl, Dortmunder L\u00f6wen II) keine Niederlage. Unsere 1. Mannschaft geht nach dem 4:3 Ausw\u00e4rtssieg gegen den VfL H\u00f6rde als Tabellenf\u00fchrer in diese Partie. Ansto\u00df ist um 19.30 Uhr. Wir sehen uns im Affenk\u00e4fig!<\/p>\n\n\n\n<p><em>Bitte beachtet, dass die Parkplatzsituation bei uns sehr begrenzt ist. Das Parken auf dem Schulhof ist nicht gestattet. Wir m\u00f6chten auch darauf hinweisen, dass das Z\u00fcnden von Pyrotechnik erhebliche Strafen f\u00fcr den jeweiligen Verein mit sich zieht und wir dieses unterbinden werden.<\/em> <em>Verh\u00e4ngte Strafen werden wir bei den verursachenden Personen geltend machen.<\/em><\/p>\n","protected":false},"excerpt":{"rendered":"<p>Am Freitag findet bei uns auf der Sportanlage das Derby gegen DJK TuS K\u00f6rne statt. Die Mannschaft vom Zippen belegt aktuell den 6. Tabellenplatz und verzeichnete in den letzten vier [&hellip;]<\/p>\n","protected":false},"author":2,"featured_media":4045,"comment_status":"closed","ping_status":"open","sticky":false,"template":"","format":"standard","meta":{"_jetpack_memberships_contains_paid_content":false,"footnotes":""},"categories":[1],"tags":[],"class_list":["post-4044","post","type-post","status-publish","format-standard","has-post-thumbnail","hentry","category-allgemein"],"jetpack_sharing_enabled":true,"jetpack_featured_media_url":"https:\/\/sv-koerne83.de\/wordpress\/wp-content\/uploads\/2025\/09\/SVK_Spieltagsankuendigung_2025_2026_HP2-scaled.jpg","_links":{"self":[{"href":"https:\/\/sv-koerne83.de\/wordpress\/wp-json\/wp\/v2\/posts\/4044","targetHints":{"allow":["GET"]}}],"collection":[{"href":"https:\/\/sv-koerne83.de\/wordpress\/wp-json\/wp\/v2\/posts"}],"about":[{"href":"https:\/\/sv-koerne83.de\/wordpress\/wp-json\/wp\/v2\/types\/post"}],"author":[{"embeddable":true,"href":"https:\/\/sv-koerne83.de\/wordpress\/wp-json\/wp\/v2\/users\/2"}],"replies":[{"embeddable":true,"href":"https:\/\/sv-koerne83.de\/wordpress\/wp-json\/wp\/v2\/comments?post=4044"}],"version-history":[{"count":5,"href":"https:\/\/sv-koerne83.de\/wordpress\/wp-json\/wp\/v2\/posts\/4044\/revisions"}],"predecessor-version":[{"id":4055,"href":"https:\/\/sv-koerne83.de\/wordpress\/wp-json\/wp\/v2\/posts\/4044\/revisions\/4055"}],"wp:featuredmedia":[{"embeddable":true,"href":"https:\/\/sv-koerne83.de\/wordpress\/wp-json\/wp\/v2\/media\/4045"}],"wp:attachment":[{"href":"https:\/\/sv-koerne83.de\/wordpress\/wp-json\/wp\/v2\/media?parent=4044"}],"wp:term":[{"taxonomy":"category","embeddable":true,"href":"https:\/\/sv-koerne83.de\/wordpress\/wp-json\/wp\/v2\/categories?post=4044"},{"taxonomy":"post_tag","embeddable":true,"href":"https:\/\/sv-koerne83.de\/wordpress\/wp-json\/wp\/v2\/tags?post=4044"}],"curies":[{"name":"wp","href":"https:\/\/api.w.org\/{rel}","templated":true}]}}