{"id":4056,"date":"2025-09-25T07:57:44","date_gmt":"2025-09-25T05:57:44","guid":{"rendered":"https:\/\/sv-koerne83.de\/wordpress\/?p=4056"},"modified":"2025-09-25T12:13:10","modified_gmt":"2025-09-25T10:13:10","slug":"pokal-aus-im-elfmeterschiessen","status":"publish","type":"post","link":"https:\/\/sv-koerne83.de\/wordpress\/2025\/09\/25\/pokal-aus-im-elfmeterschiessen\/","title":{"rendered":"Pokal-Aus im Elfmeterschie\u00dfen"},"content":{"rendered":"\n<p>Unsere B1-Jugend musste sich gestern in einem spannenden Pokalspiel knapp geschlagen geben. Gegen den Bezirksligisten SV Brackel 06 gelang dem Team von Trainer Tommi Meier die fr\u00fche F\u00fchrung. Die Brackeler konnten jedoch z\u00fcgig ausgleichen und noch vor der Pause auf 2:1 erh\u00f6hen. Die G\u00e4ste waren zwar spielbestimmender, allerdings konnten wir immer wieder Nadelstiche setzen. Im zweiten Durchgang gelang der B-Jugend dann der 2:2 Ausgleich. Im anschlie\u00dfenden Elfmeterschie\u00dfen musste man sich dem Bezirksligisten knapp geschlagen geben. Dennoch hat unsere B1 ein super Spiel absolviert. Kampfgeist und Teamgeist passten zusammen. Hier w\u00e4chst was zusammen. Wir sind stolz auf euch!<\/p>\n","protected":false},"excerpt":{"rendered":"<p>Unsere B1-Jugend musste sich gestern in einem spannenden Pokalspiel knapp geschlagen geben. Gegen den Bezirksligisten SV Brackel 06 gelang dem Team von Trainer Tommi Meier die fr\u00fche F\u00fchrung. Die Brackeler [&hellip;]<\/p>\n","protected":false},"author":2,"featured_media":4043,"comment_status":"closed","ping_status":"open","sticky":false,"template":"","format":"standard","meta":{"_jetpack_memberships_contains_paid_content":false,"footnotes":""},"categories":[1],"tags":[],"class_list":["post-4056","post","type-post","status-publish","format-standard","has-post-thumbnail","hentry","category-allgemein"],"jetpack_sharing_enabled":true,"jetpack_featured_media_url":"https:\/\/sv-koerne83.de\/wordpress\/wp-content\/uploads\/2025\/09\/2025_B1.jpg","_links":{"self":[{"href":"https:\/\/sv-koerne83.de\/wordpress\/wp-json\/wp\/v2\/posts\/4056","targetHints":{"allow":["GET"]}}],"collection":[{"href":"https:\/\/sv-koerne83.de\/wordpress\/wp-json\/wp\/v2\/posts"}],"about":[{"href":"https:\/\/sv-koerne83.de\/wordpress\/wp-json\/wp\/v2\/types\/post"}],"author":[{"embeddable":true,"href":"https:\/\/sv-koerne83.de\/wordpress\/wp-json\/wp\/v2\/users\/2"}],"replies":[{"embeddable":true,"href":"https:\/\/sv-koerne83.de\/wordpress\/wp-json\/wp\/v2\/comments?post=4056"}],"version-history":[{"count":3,"href":"https:\/\/sv-koerne83.de\/wordpress\/wp-json\/wp\/v2\/posts\/4056\/revisions"}],"predecessor-version":[{"id":4060,"href":"https:\/\/sv-koerne83.de\/wordpress\/wp-json\/wp\/v2\/posts\/4056\/revisions\/4060"}],"wp:featuredmedia":[{"embeddable":true,"href":"https:\/\/sv-koerne83.de\/wordpress\/wp-json\/wp\/v2\/media\/4043"}],"wp:attachment":[{"href":"https:\/\/sv-koerne83.de\/wordpress\/wp-json\/wp\/v2\/media?parent=4056"}],"wp:term":[{"taxonomy":"category","embeddable":true,"href":"https:\/\/sv-koerne83.de\/wordpress\/wp-json\/wp\/v2\/categories?post=4056"},{"taxonomy":"post_tag","embeddable":true,"href":"https:\/\/sv-koerne83.de\/wordpress\/wp-json\/wp\/v2\/tags?post=4056"}],"curies":[{"name":"wp","href":"https:\/\/api.w.org\/{rel}","templated":true}]}}