{"id":4076,"date":"2025-10-02T08:26:35","date_gmt":"2025-10-02T06:26:35","guid":{"rendered":"https:\/\/sv-koerne83.de\/wordpress\/?p=4076"},"modified":"2025-10-02T08:26:36","modified_gmt":"2025-10-02T06:26:36","slug":"erste-mannschaft-empfaengt-bv-brambauer","status":"publish","type":"post","link":"https:\/\/sv-koerne83.de\/wordpress\/2025\/10\/02\/erste-mannschaft-empfaengt-bv-brambauer\/","title":{"rendered":"Erste Mannschaft empf\u00e4ngt BV Brambauer"},"content":{"rendered":"\n<p>Am Sonntag empf\u00e4ngt unsere 1. Mannschaft das Team vom BV Brambauer. Das Team aus L\u00fcnen belegt aktuell den 9. Tabellenplatz und musste sich im letzten Spiel dem VfL H\u00f6rde nur knapp mit 3:2 geschlagen geben. Unsere 1. Mannschaft geht erneut als Tabellenf\u00fchrer in die Partie und kann weitere wichtige Punkte sammeln. Ansto\u00df am Winkelriedweg ist um 15.15 Uhr. Wir sehen uns im Affenk\u00e4fig!<\/p>\n","protected":false},"excerpt":{"rendered":"<p>Am Sonntag empf\u00e4ngt unsere 1. Mannschaft das Team vom BV Brambauer. Das Team aus L\u00fcnen belegt aktuell den 9. Tabellenplatz und musste sich im letzten Spiel dem VfL H\u00f6rde nur [&hellip;]<\/p>\n","protected":false},"author":2,"featured_media":4078,"comment_status":"closed","ping_status":"open","sticky":false,"template":"","format":"standard","meta":{"_jetpack_memberships_contains_paid_content":false,"footnotes":""},"categories":[1],"tags":[],"class_list":["post-4076","post","type-post","status-publish","format-standard","has-post-thumbnail","hentry","category-allgemein"],"jetpack_sharing_enabled":true,"jetpack_featured_media_url":"https:\/\/sv-koerne83.de\/wordpress\/wp-content\/uploads\/2025\/09\/SVK_Spieltagsankuendigung_2025_2026_HPErsteBVB-scaled.jpg","_links":{"self":[{"href":"https:\/\/sv-koerne83.de\/wordpress\/wp-json\/wp\/v2\/posts\/4076","targetHints":{"allow":["GET"]}}],"collection":[{"href":"https:\/\/sv-koerne83.de\/wordpress\/wp-json\/wp\/v2\/posts"}],"about":[{"href":"https:\/\/sv-koerne83.de\/wordpress\/wp-json\/wp\/v2\/types\/post"}],"author":[{"embeddable":true,"href":"https:\/\/sv-koerne83.de\/wordpress\/wp-json\/wp\/v2\/users\/2"}],"replies":[{"embeddable":true,"href":"https:\/\/sv-koerne83.de\/wordpress\/wp-json\/wp\/v2\/comments?post=4076"}],"version-history":[{"count":2,"href":"https:\/\/sv-koerne83.de\/wordpress\/wp-json\/wp\/v2\/posts\/4076\/revisions"}],"predecessor-version":[{"id":4088,"href":"https:\/\/sv-koerne83.de\/wordpress\/wp-json\/wp\/v2\/posts\/4076\/revisions\/4088"}],"wp:featuredmedia":[{"embeddable":true,"href":"https:\/\/sv-koerne83.de\/wordpress\/wp-json\/wp\/v2\/media\/4078"}],"wp:attachment":[{"href":"https:\/\/sv-koerne83.de\/wordpress\/wp-json\/wp\/v2\/media?parent=4076"}],"wp:term":[{"taxonomy":"category","embeddable":true,"href":"https:\/\/sv-koerne83.de\/wordpress\/wp-json\/wp\/v2\/categories?post=4076"},{"taxonomy":"post_tag","embeddable":true,"href":"https:\/\/sv-koerne83.de\/wordpress\/wp-json\/wp\/v2\/tags?post=4076"}],"curies":[{"name":"wp","href":"https:\/\/api.w.org\/{rel}","templated":true}]}}