{"id":4104,"date":"2025-10-09T10:55:26","date_gmt":"2025-10-09T08:55:26","guid":{"rendered":"https:\/\/sv-koerne83.de\/wordpress\/?p=4104"},"modified":"2025-10-09T10:55:27","modified_gmt":"2025-10-09T08:55:27","slug":"erneutes-topspiel-fuer-unsere-d2-jugend","status":"publish","type":"post","link":"https:\/\/sv-koerne83.de\/wordpress\/2025\/10\/09\/erneutes-topspiel-fuer-unsere-d2-jugend\/","title":{"rendered":"Erneutes Topspiel f\u00fcr unsere D2-Jugend"},"content":{"rendered":"\n<p>Nach der Niederlage im Topspiel gegen den BSV Fortuna am vergangenen Montag, steht bereits am Samstag das n\u00e4chste Topspiel f\u00fcr das Team vom Trainerduo Ferdinand Kuhles und Hannes Lorenz auf dem Programm. Die Mannschaft trifft auf den Drittplatzierten TuRa Asseln. Beide Mannschaften sind mit 12 Punkten gleichauf. Ein Sieg ist f\u00fcr unsere D2-Jugend Pflicht, um weiterhin auf dem 2. Tabellenplatz zu stehen. Ansto\u00df am Winkelriedweg ist um 13.30 Uhr. Wir sehen uns im Affenk\u00e4fig!<\/p>\n","protected":false},"excerpt":{"rendered":"<p>Nach der Niederlage im Topspiel gegen den BSV Fortuna am vergangenen Montag, steht bereits am Samstag das n\u00e4chste Topspiel f\u00fcr das Team vom Trainerduo Ferdinand Kuhles und Hannes Lorenz auf [&hellip;]<\/p>\n","protected":false},"author":2,"featured_media":4102,"comment_status":"closed","ping_status":"open","sticky":false,"template":"","format":"standard","meta":{"_jetpack_memberships_contains_paid_content":false,"footnotes":""},"categories":[1],"tags":[],"class_list":["post-4104","post","type-post","status-publish","format-standard","has-post-thumbnail","hentry","category-allgemein"],"jetpack_sharing_enabled":true,"jetpack_featured_media_url":"https:\/\/sv-koerne83.de\/wordpress\/wp-content\/uploads\/2025\/10\/SVK_Spieltagsankuendigung_2025_2026_HP4-scaled.jpg","_links":{"self":[{"href":"https:\/\/sv-koerne83.de\/wordpress\/wp-json\/wp\/v2\/posts\/4104","targetHints":{"allow":["GET"]}}],"collection":[{"href":"https:\/\/sv-koerne83.de\/wordpress\/wp-json\/wp\/v2\/posts"}],"about":[{"href":"https:\/\/sv-koerne83.de\/wordpress\/wp-json\/wp\/v2\/types\/post"}],"author":[{"embeddable":true,"href":"https:\/\/sv-koerne83.de\/wordpress\/wp-json\/wp\/v2\/users\/2"}],"replies":[{"embeddable":true,"href":"https:\/\/sv-koerne83.de\/wordpress\/wp-json\/wp\/v2\/comments?post=4104"}],"version-history":[{"count":1,"href":"https:\/\/sv-koerne83.de\/wordpress\/wp-json\/wp\/v2\/posts\/4104\/revisions"}],"predecessor-version":[{"id":4105,"href":"https:\/\/sv-koerne83.de\/wordpress\/wp-json\/wp\/v2\/posts\/4104\/revisions\/4105"}],"wp:featuredmedia":[{"embeddable":true,"href":"https:\/\/sv-koerne83.de\/wordpress\/wp-json\/wp\/v2\/media\/4102"}],"wp:attachment":[{"href":"https:\/\/sv-koerne83.de\/wordpress\/wp-json\/wp\/v2\/media?parent=4104"}],"wp:term":[{"taxonomy":"category","embeddable":true,"href":"https:\/\/sv-koerne83.de\/wordpress\/wp-json\/wp\/v2\/categories?post=4104"},{"taxonomy":"post_tag","embeddable":true,"href":"https:\/\/sv-koerne83.de\/wordpress\/wp-json\/wp\/v2\/tags?post=4104"}],"curies":[{"name":"wp","href":"https:\/\/api.w.org\/{rel}","templated":true}]}}