{"id":4106,"date":"2025-10-10T08:58:59","date_gmt":"2025-10-10T06:58:59","guid":{"rendered":"https:\/\/sv-koerne83.de\/wordpress\/?p=4106"},"modified":"2025-10-10T08:59:00","modified_gmt":"2025-10-10T06:59:00","slug":"kleines-derby-fuer-die-2-mannschaft","status":"publish","type":"post","link":"https:\/\/sv-koerne83.de\/wordpress\/2025\/10\/10\/kleines-derby-fuer-die-2-mannschaft\/","title":{"rendered":"Kleines Derby f\u00fcr die 2. Mannschaft"},"content":{"rendered":"\n<p>Am Sonntag findet das &#8222;kleine Derby&#8220; von unserer 2. Mannschaft gegen \u00d6SG Viktoria statt. Beide Mannschaften stehen im Tabellenkeller und sind zum Siegen verpflichtet. Die Viktorianer konnten in dieser Saison noch keinen Punkt holen und weisen eine Tordifferenz von -37 auf. Unsere 2. Mannschaft steht mit 5 geholten Punkten einen Tabellenplatz \u00fcber \u00d6SG und ben\u00f6tigt dringend Punkte, um den Tabellenkeller verlassen zu k\u00f6nnen. Ansto\u00df am Winkelriedweg ist um 15.15 Uhr. Wir sehen uns im Affenk\u00e4fig!<\/p>\n","protected":false},"excerpt":{"rendered":"<p>Am Sonntag findet das &#8222;kleine Derby&#8220; von unserer 2. Mannschaft gegen \u00d6SG Viktoria statt. Beide Mannschaften stehen im Tabellenkeller und sind zum Siegen verpflichtet. Die Viktorianer konnten in dieser Saison [&hellip;]<\/p>\n","protected":false},"author":2,"featured_media":4103,"comment_status":"closed","ping_status":"open","sticky":false,"template":"","format":"standard","meta":{"_jetpack_memberships_contains_paid_content":false,"footnotes":""},"categories":[1],"tags":[],"class_list":["post-4106","post","type-post","status-publish","format-standard","has-post-thumbnail","hentry","category-allgemein"],"jetpack_sharing_enabled":true,"jetpack_featured_media_url":"https:\/\/sv-koerne83.de\/wordpress\/wp-content\/uploads\/2025\/10\/SVK_Spieltagsankuendigung_2025_2026_HP42-scaled.jpg","_links":{"self":[{"href":"https:\/\/sv-koerne83.de\/wordpress\/wp-json\/wp\/v2\/posts\/4106","targetHints":{"allow":["GET"]}}],"collection":[{"href":"https:\/\/sv-koerne83.de\/wordpress\/wp-json\/wp\/v2\/posts"}],"about":[{"href":"https:\/\/sv-koerne83.de\/wordpress\/wp-json\/wp\/v2\/types\/post"}],"author":[{"embeddable":true,"href":"https:\/\/sv-koerne83.de\/wordpress\/wp-json\/wp\/v2\/users\/2"}],"replies":[{"embeddable":true,"href":"https:\/\/sv-koerne83.de\/wordpress\/wp-json\/wp\/v2\/comments?post=4106"}],"version-history":[{"count":2,"href":"https:\/\/sv-koerne83.de\/wordpress\/wp-json\/wp\/v2\/posts\/4106\/revisions"}],"predecessor-version":[{"id":4109,"href":"https:\/\/sv-koerne83.de\/wordpress\/wp-json\/wp\/v2\/posts\/4106\/revisions\/4109"}],"wp:featuredmedia":[{"embeddable":true,"href":"https:\/\/sv-koerne83.de\/wordpress\/wp-json\/wp\/v2\/media\/4103"}],"wp:attachment":[{"href":"https:\/\/sv-koerne83.de\/wordpress\/wp-json\/wp\/v2\/media?parent=4106"}],"wp:term":[{"taxonomy":"category","embeddable":true,"href":"https:\/\/sv-koerne83.de\/wordpress\/wp-json\/wp\/v2\/categories?post=4106"},{"taxonomy":"post_tag","embeddable":true,"href":"https:\/\/sv-koerne83.de\/wordpress\/wp-json\/wp\/v2\/tags?post=4106"}],"curies":[{"name":"wp","href":"https:\/\/api.w.org\/{rel}","templated":true}]}}