{"id":4110,"date":"2025-10-11T09:57:55","date_gmt":"2025-10-11T07:57:55","guid":{"rendered":"https:\/\/sv-koerne83.de\/wordpress\/?p=4110"},"modified":"2025-10-11T09:57:57","modified_gmt":"2025-10-11T07:57:57","slug":"auswaerts-in-berghofen","status":"publish","type":"post","link":"https:\/\/sv-koerne83.de\/wordpress\/2025\/10\/11\/auswaerts-in-berghofen\/","title":{"rendered":"Ausw\u00e4rts in Berghofen"},"content":{"rendered":"\n<p>Am morgigen Sonntag trifft unsere 1. Mannschaft im Ausw\u00e4rtsspiel auf den SV Berghofen. Die Berghofener stehen aktuell auf dem 11. Tabellenplatz und konnten erst ein Spiel in dieser Saison gewinnen. Am vergangenen Sonntag erk\u00e4mpfte man sich gegen den VfL H\u00f6rde ein 2:2 Unentschieden. Ebenfalls gelang der Mannschaft vom SVB ein 1:1 Unentschieden gegen den H\u00f6rder SC. Unsere 1. Mannschaft geht nach dem 3:1 Heimsieg gegen BV Brambauer erneut als Tabellenf\u00fchrer in die Partie. Ansto\u00df an der Berghoferstra\u00dfe ist um 15.00 Uhr.\u00a0<\/p>\n","protected":false},"excerpt":{"rendered":"<p>Am morgigen Sonntag trifft unsere 1. Mannschaft im Ausw\u00e4rtsspiel auf den SV Berghofen. Die Berghofener stehen aktuell auf dem 11. Tabellenplatz und konnten erst ein Spiel in dieser Saison gewinnen. [&hellip;]<\/p>\n","protected":false},"author":2,"featured_media":4095,"comment_status":"closed","ping_status":"open","sticky":false,"template":"","format":"standard","meta":{"_jetpack_memberships_contains_paid_content":false,"footnotes":""},"categories":[1],"tags":[],"class_list":["post-4110","post","type-post","status-publish","format-standard","has-post-thumbnail","hentry","category-allgemein"],"jetpack_sharing_enabled":true,"jetpack_featured_media_url":"https:\/\/sv-koerne83.de\/wordpress\/wp-content\/uploads\/2025\/10\/SVK_Spieltagsankuendigung_2025_2026_HP3-scaled.jpg","_links":{"self":[{"href":"https:\/\/sv-koerne83.de\/wordpress\/wp-json\/wp\/v2\/posts\/4110","targetHints":{"allow":["GET"]}}],"collection":[{"href":"https:\/\/sv-koerne83.de\/wordpress\/wp-json\/wp\/v2\/posts"}],"about":[{"href":"https:\/\/sv-koerne83.de\/wordpress\/wp-json\/wp\/v2\/types\/post"}],"author":[{"embeddable":true,"href":"https:\/\/sv-koerne83.de\/wordpress\/wp-json\/wp\/v2\/users\/2"}],"replies":[{"embeddable":true,"href":"https:\/\/sv-koerne83.de\/wordpress\/wp-json\/wp\/v2\/comments?post=4110"}],"version-history":[{"count":1,"href":"https:\/\/sv-koerne83.de\/wordpress\/wp-json\/wp\/v2\/posts\/4110\/revisions"}],"predecessor-version":[{"id":4111,"href":"https:\/\/sv-koerne83.de\/wordpress\/wp-json\/wp\/v2\/posts\/4110\/revisions\/4111"}],"wp:featuredmedia":[{"embeddable":true,"href":"https:\/\/sv-koerne83.de\/wordpress\/wp-json\/wp\/v2\/media\/4095"}],"wp:attachment":[{"href":"https:\/\/sv-koerne83.de\/wordpress\/wp-json\/wp\/v2\/media?parent=4110"}],"wp:term":[{"taxonomy":"category","embeddable":true,"href":"https:\/\/sv-koerne83.de\/wordpress\/wp-json\/wp\/v2\/categories?post=4110"},{"taxonomy":"post_tag","embeddable":true,"href":"https:\/\/sv-koerne83.de\/wordpress\/wp-json\/wp\/v2\/tags?post=4110"}],"curies":[{"name":"wp","href":"https:\/\/api.w.org\/{rel}","templated":true}]}}