{"id":4119,"date":"2025-10-23T08:07:36","date_gmt":"2025-10-23T06:07:36","guid":{"rendered":"https:\/\/sv-koerne83.de\/wordpress\/?p=4119"},"modified":"2025-10-23T08:08:42","modified_gmt":"2025-10-23T06:08:42","slug":"freundschaftlicher-kick-im-affenkaefig","status":"publish","type":"post","link":"https:\/\/sv-koerne83.de\/wordpress\/2025\/10\/23\/freundschaftlicher-kick-im-affenkaefig\/","title":{"rendered":"Freundschaftlicher Kick im Affenk\u00e4fig"},"content":{"rendered":"\n<p>Wie viele Jahre hat es dieses Duell nicht mehr gegeben? Manch&#8216; einer schwelgt in Erinnerungen an intensive Duelle im Affenk\u00e4fig. Laute Fanges\u00e4nge und Rauchbomben auf altehrw\u00fcrdiger Asche. Am kommenden Montag trifft unsere Altherren-Mannschaft, in freundschaftlicher Atmosph\u00e4re, auf die Altherren vom PTSV Dortmund. Ansto\u00df am Winkelriedweg ist um 19.30 Uhr. Wir sehen uns im Affenk\u00e4fig!<\/p>\n","protected":false},"excerpt":{"rendered":"<p>Wie viele Jahre hat es dieses Duell nicht mehr gegeben? Manch&#8216; einer schwelgt in Erinnerungen an intensive Duelle im Affenk\u00e4fig. Laute Fanges\u00e4nge und Rauchbomben auf altehrw\u00fcrdiger Asche. Am kommenden Montag [&hellip;]<\/p>\n","protected":false},"author":2,"featured_media":4120,"comment_status":"closed","ping_status":"open","sticky":false,"template":"","format":"standard","meta":{"_jetpack_memberships_contains_paid_content":false,"footnotes":""},"categories":[1],"tags":[],"class_list":["post-4119","post","type-post","status-publish","format-standard","has-post-thumbnail","hentry","category-allgemein"],"jetpack_sharing_enabled":true,"jetpack_featured_media_url":"https:\/\/sv-koerne83.de\/wordpress\/wp-content\/uploads\/2025\/10\/SVK_Spieltagsankuendigung_2025_2026_HP2-2-scaled.jpg","_links":{"self":[{"href":"https:\/\/sv-koerne83.de\/wordpress\/wp-json\/wp\/v2\/posts\/4119","targetHints":{"allow":["GET"]}}],"collection":[{"href":"https:\/\/sv-koerne83.de\/wordpress\/wp-json\/wp\/v2\/posts"}],"about":[{"href":"https:\/\/sv-koerne83.de\/wordpress\/wp-json\/wp\/v2\/types\/post"}],"author":[{"embeddable":true,"href":"https:\/\/sv-koerne83.de\/wordpress\/wp-json\/wp\/v2\/users\/2"}],"replies":[{"embeddable":true,"href":"https:\/\/sv-koerne83.de\/wordpress\/wp-json\/wp\/v2\/comments?post=4119"}],"version-history":[{"count":3,"href":"https:\/\/sv-koerne83.de\/wordpress\/wp-json\/wp\/v2\/posts\/4119\/revisions"}],"predecessor-version":[{"id":4126,"href":"https:\/\/sv-koerne83.de\/wordpress\/wp-json\/wp\/v2\/posts\/4119\/revisions\/4126"}],"wp:featuredmedia":[{"embeddable":true,"href":"https:\/\/sv-koerne83.de\/wordpress\/wp-json\/wp\/v2\/media\/4120"}],"wp:attachment":[{"href":"https:\/\/sv-koerne83.de\/wordpress\/wp-json\/wp\/v2\/media?parent=4119"}],"wp:term":[{"taxonomy":"category","embeddable":true,"href":"https:\/\/sv-koerne83.de\/wordpress\/wp-json\/wp\/v2\/categories?post=4119"},{"taxonomy":"post_tag","embeddable":true,"href":"https:\/\/sv-koerne83.de\/wordpress\/wp-json\/wp\/v2\/tags?post=4119"}],"curies":[{"name":"wp","href":"https:\/\/api.w.org\/{rel}","templated":true}]}}