{"id":4122,"date":"2025-10-22T10:34:19","date_gmt":"2025-10-22T08:34:19","guid":{"rendered":"https:\/\/sv-koerne83.de\/wordpress\/?p=4122"},"modified":"2025-10-22T10:34:21","modified_gmt":"2025-10-22T08:34:21","slug":"auswaerts-im-pappelstadion","status":"publish","type":"post","link":"https:\/\/sv-koerne83.de\/wordpress\/2025\/10\/22\/auswaerts-im-pappelstadion\/","title":{"rendered":"Ausw\u00e4rts im Pappelstadion"},"content":{"rendered":"\n<p>Am Sonntag ist unsere 1. Mannschaft zu Gast bei Westfalia Wickede. Das Team aus dem Pappelstadion belegt aktuell den 6. Tabellenplatz und konnte im letzten Spiel den VfL H\u00f6rde mit 5:3 besiegen. Mit Emanuel Lucau stellen die Wickeder den f\u00fcnfbesten Torj\u00e4ger. Unsere 1. Mannschaft geht nach dem Last-Minute-Heimsieg gegen Alemannia Scharnhorst erneut als Tabellenf\u00fchrer in diese Partie. Ansto\u00df im Pappelstadion ist um 15.15 Uhr.<\/p>\n","protected":false},"excerpt":{"rendered":"<p>Am Sonntag ist unsere 1. Mannschaft zu Gast bei Westfalia Wickede. Das Team aus dem Pappelstadion belegt aktuell den 6. Tabellenplatz und konnte im letzten Spiel den VfL H\u00f6rde mit [&hellip;]<\/p>\n","protected":false},"author":2,"featured_media":4123,"comment_status":"closed","ping_status":"open","sticky":false,"template":"","format":"standard","meta":{"_jetpack_memberships_contains_paid_content":false,"footnotes":""},"categories":[1],"tags":[],"class_list":["post-4122","post","type-post","status-publish","format-standard","has-post-thumbnail","hentry","category-allgemein"],"jetpack_sharing_enabled":true,"jetpack_featured_media_url":"https:\/\/sv-koerne83.de\/wordpress\/wp-content\/uploads\/2025\/10\/SVK_Spieltagsankuendigung_2025_2026_HP-2-scaled.jpg","_links":{"self":[{"href":"https:\/\/sv-koerne83.de\/wordpress\/wp-json\/wp\/v2\/posts\/4122","targetHints":{"allow":["GET"]}}],"collection":[{"href":"https:\/\/sv-koerne83.de\/wordpress\/wp-json\/wp\/v2\/posts"}],"about":[{"href":"https:\/\/sv-koerne83.de\/wordpress\/wp-json\/wp\/v2\/types\/post"}],"author":[{"embeddable":true,"href":"https:\/\/sv-koerne83.de\/wordpress\/wp-json\/wp\/v2\/users\/2"}],"replies":[{"embeddable":true,"href":"https:\/\/sv-koerne83.de\/wordpress\/wp-json\/wp\/v2\/comments?post=4122"}],"version-history":[{"count":1,"href":"https:\/\/sv-koerne83.de\/wordpress\/wp-json\/wp\/v2\/posts\/4122\/revisions"}],"predecessor-version":[{"id":4124,"href":"https:\/\/sv-koerne83.de\/wordpress\/wp-json\/wp\/v2\/posts\/4122\/revisions\/4124"}],"wp:featuredmedia":[{"embeddable":true,"href":"https:\/\/sv-koerne83.de\/wordpress\/wp-json\/wp\/v2\/media\/4123"}],"wp:attachment":[{"href":"https:\/\/sv-koerne83.de\/wordpress\/wp-json\/wp\/v2\/media?parent=4122"}],"wp:term":[{"taxonomy":"category","embeddable":true,"href":"https:\/\/sv-koerne83.de\/wordpress\/wp-json\/wp\/v2\/categories?post=4122"},{"taxonomy":"post_tag","embeddable":true,"href":"https:\/\/sv-koerne83.de\/wordpress\/wp-json\/wp\/v2\/tags?post=4122"}],"curies":[{"name":"wp","href":"https:\/\/api.w.org\/{rel}","templated":true}]}}