{"id":4128,"date":"2025-10-30T11:31:56","date_gmt":"2025-10-30T10:31:56","guid":{"rendered":"https:\/\/sv-koerne83.de\/wordpress\/?p=4128"},"modified":"2025-10-30T11:31:57","modified_gmt":"2025-10-30T10:31:57","slug":"erste-mannschaft-empfaengt-dorstfeld","status":"publish","type":"post","link":"https:\/\/sv-koerne83.de\/wordpress\/2025\/10\/30\/erste-mannschaft-empfaengt-dorstfeld\/","title":{"rendered":"Erste Mannschaft empf\u00e4ngt Dorstfeld"},"content":{"rendered":"\n<p>Am kommenden Sonntag empf\u00e4ngt unsere 1. Mannschaft das Team vom Dorstfelder SC II. Nach der ersten Saisonniederlage, am vergangenen Sonntag gegen Westfalia Wickede, kann unsere 1. Mannschaft mit einem Sieg wieder in die Spur finden. Die 2. Mannschaft vom DSC, welche eigentlich die 1. Mannschaft ist, belegt aktuell den 8. Tabellenplatz und konnte in den letzten f\u00fcnf Spielen lediglich einen Sieg einfahren. Auf das Team von Trainer Viktor Pusch wartet ein unbekannter Gegner, da die Mannschaft vom Bummelberg neu in der Gruppe ist. Wir sagen HERZLICH WILLKOMMEN im Affenk\u00e4fig. Ansto\u00df ist am Sonntag um 15.15 Uhr. Wir sehen uns im Affenk\u00e4fig!<\/p>\n","protected":false},"excerpt":{"rendered":"<p>Am kommenden Sonntag empf\u00e4ngt unsere 1. Mannschaft das Team vom Dorstfelder SC II. Nach der ersten Saisonniederlage, am vergangenen Sonntag gegen Westfalia Wickede, kann unsere 1. Mannschaft mit einem Sieg [&hellip;]<\/p>\n","protected":false},"author":2,"featured_media":4129,"comment_status":"closed","ping_status":"open","sticky":false,"template":"","format":"standard","meta":{"_jetpack_memberships_contains_paid_content":false,"footnotes":""},"categories":[1],"tags":[],"class_list":["post-4128","post","type-post","status-publish","format-standard","has-post-thumbnail","hentry","category-allgemein"],"jetpack_sharing_enabled":true,"jetpack_featured_media_url":"https:\/\/sv-koerne83.de\/wordpress\/wp-content\/uploads\/2025\/10\/SVK_Spieltagsankuendigung_2025_2026_HP-3-scaled.jpg","_links":{"self":[{"href":"https:\/\/sv-koerne83.de\/wordpress\/wp-json\/wp\/v2\/posts\/4128","targetHints":{"allow":["GET"]}}],"collection":[{"href":"https:\/\/sv-koerne83.de\/wordpress\/wp-json\/wp\/v2\/posts"}],"about":[{"href":"https:\/\/sv-koerne83.de\/wordpress\/wp-json\/wp\/v2\/types\/post"}],"author":[{"embeddable":true,"href":"https:\/\/sv-koerne83.de\/wordpress\/wp-json\/wp\/v2\/users\/2"}],"replies":[{"embeddable":true,"href":"https:\/\/sv-koerne83.de\/wordpress\/wp-json\/wp\/v2\/comments?post=4128"}],"version-history":[{"count":1,"href":"https:\/\/sv-koerne83.de\/wordpress\/wp-json\/wp\/v2\/posts\/4128\/revisions"}],"predecessor-version":[{"id":4130,"href":"https:\/\/sv-koerne83.de\/wordpress\/wp-json\/wp\/v2\/posts\/4128\/revisions\/4130"}],"wp:featuredmedia":[{"embeddable":true,"href":"https:\/\/sv-koerne83.de\/wordpress\/wp-json\/wp\/v2\/media\/4129"}],"wp:attachment":[{"href":"https:\/\/sv-koerne83.de\/wordpress\/wp-json\/wp\/v2\/media?parent=4128"}],"wp:term":[{"taxonomy":"category","embeddable":true,"href":"https:\/\/sv-koerne83.de\/wordpress\/wp-json\/wp\/v2\/categories?post=4128"},{"taxonomy":"post_tag","embeddable":true,"href":"https:\/\/sv-koerne83.de\/wordpress\/wp-json\/wp\/v2\/tags?post=4128"}],"curies":[{"name":"wp","href":"https:\/\/api.w.org\/{rel}","templated":true}]}}