{"id":4137,"date":"2025-11-05T09:00:23","date_gmt":"2025-11-05T08:00:23","guid":{"rendered":"https:\/\/sv-koerne83.de\/wordpress\/?p=4137"},"modified":"2025-11-05T09:00:24","modified_gmt":"2025-11-05T08:00:24","slug":"c1-jugend-kann-die-aufstiegsrunde-erreichen","status":"publish","type":"post","link":"https:\/\/sv-koerne83.de\/wordpress\/2025\/11\/05\/c1-jugend-kann-die-aufstiegsrunde-erreichen\/","title":{"rendered":"C1-Jugend kann die Aufstiegsrunde erreichen"},"content":{"rendered":"\n<p>Unsere C1-Jugend kann sich am Samstag f\u00fcr die Aufstiegsrunde zur Sonderklasse qualifizieren. Aktuell belegt das Team von Trainer Andy Lorenz den 3. Tabellenplatz und hat 3 Punkte Vorsprung auf den Viertplatzierten SV Berghofen II. Mit einem Sieg gegen den VfB Westhofen (7. Platz) qualifiziert sich die Mannschaft f\u00fcr die Aufstiegsrunde. Ansto\u00df ist am Samstag um 15.00 Uhr auf dem Sportplatz Winkelriedweg. Wir sehen uns im Affenk\u00e4fig!<\/p>\n","protected":false},"excerpt":{"rendered":"<p>Unsere C1-Jugend kann sich am Samstag f\u00fcr die Aufstiegsrunde zur Sonderklasse qualifizieren. Aktuell belegt das Team von Trainer Andy Lorenz den 3. Tabellenplatz und hat 3 Punkte Vorsprung auf den [&hellip;]<\/p>\n","protected":false},"author":2,"featured_media":3992,"comment_status":"closed","ping_status":"open","sticky":false,"template":"","format":"standard","meta":{"_jetpack_memberships_contains_paid_content":false,"footnotes":""},"categories":[1],"tags":[],"class_list":["post-4137","post","type-post","status-publish","format-standard","has-post-thumbnail","hentry","category-allgemein"],"jetpack_sharing_enabled":true,"jetpack_featured_media_url":"https:\/\/sv-koerne83.de\/wordpress\/wp-content\/uploads\/2025\/09\/2025_C1.png","_links":{"self":[{"href":"https:\/\/sv-koerne83.de\/wordpress\/wp-json\/wp\/v2\/posts\/4137","targetHints":{"allow":["GET"]}}],"collection":[{"href":"https:\/\/sv-koerne83.de\/wordpress\/wp-json\/wp\/v2\/posts"}],"about":[{"href":"https:\/\/sv-koerne83.de\/wordpress\/wp-json\/wp\/v2\/types\/post"}],"author":[{"embeddable":true,"href":"https:\/\/sv-koerne83.de\/wordpress\/wp-json\/wp\/v2\/users\/2"}],"replies":[{"embeddable":true,"href":"https:\/\/sv-koerne83.de\/wordpress\/wp-json\/wp\/v2\/comments?post=4137"}],"version-history":[{"count":3,"href":"https:\/\/sv-koerne83.de\/wordpress\/wp-json\/wp\/v2\/posts\/4137\/revisions"}],"predecessor-version":[{"id":4141,"href":"https:\/\/sv-koerne83.de\/wordpress\/wp-json\/wp\/v2\/posts\/4137\/revisions\/4141"}],"wp:featuredmedia":[{"embeddable":true,"href":"https:\/\/sv-koerne83.de\/wordpress\/wp-json\/wp\/v2\/media\/3992"}],"wp:attachment":[{"href":"https:\/\/sv-koerne83.de\/wordpress\/wp-json\/wp\/v2\/media?parent=4137"}],"wp:term":[{"taxonomy":"category","embeddable":true,"href":"https:\/\/sv-koerne83.de\/wordpress\/wp-json\/wp\/v2\/categories?post=4137"},{"taxonomy":"post_tag","embeddable":true,"href":"https:\/\/sv-koerne83.de\/wordpress\/wp-json\/wp\/v2\/tags?post=4137"}],"curies":[{"name":"wp","href":"https:\/\/api.w.org\/{rel}","templated":true}]}}