{"id":4146,"date":"2025-11-11T09:32:14","date_gmt":"2025-11-11T08:32:14","guid":{"rendered":"https:\/\/sv-koerne83.de\/wordpress\/?p=4146"},"modified":"2025-11-11T09:32:16","modified_gmt":"2025-11-11T08:32:16","slug":"d1-jugend-im-sparbau-kreispokal","status":"publish","type":"post","link":"https:\/\/sv-koerne83.de\/wordpress\/2025\/11\/11\/d1-jugend-im-sparbau-kreispokal\/","title":{"rendered":"D1-Jugend im Sparbau Kreispokal"},"content":{"rendered":"\n<p>Am Mittwoch trifft unsere D1-Jugend im Pokalspiel auf den BSV Sch\u00fcren. Die Sch\u00fcrener spielen eine Klasse tiefer als unsere D1-Jugend und schloss ihre Qualifikationsgruppe auf dem 4. Tabellenplatz ab. Unsere D1, mit ihrem Trainer Christian Karsten, ist automatisch als h\u00f6herklassiges Team in der Favoritenrolle und kann mit einem Sieg die Zwischenrunde erreichen. Ansto\u00df auf dem Sportplatz in Sch\u00fcren ist um 18.00 Uhr.<\/p>\n","protected":false},"excerpt":{"rendered":"<p>Am Mittwoch trifft unsere D1-Jugend im Pokalspiel auf den BSV Sch\u00fcren. Die Sch\u00fcrener spielen eine Klasse tiefer als unsere D1-Jugend und schloss ihre Qualifikationsgruppe auf dem 4. Tabellenplatz ab. Unsere [&hellip;]<\/p>\n","protected":false},"author":2,"featured_media":4147,"comment_status":"closed","ping_status":"open","sticky":false,"template":"","format":"standard","meta":{"_jetpack_memberships_contains_paid_content":false,"footnotes":""},"categories":[1],"tags":[],"class_list":["post-4146","post","type-post","status-publish","format-standard","has-post-thumbnail","hentry","category-allgemein"],"jetpack_sharing_enabled":true,"jetpack_featured_media_url":"https:\/\/sv-koerne83.de\/wordpress\/wp-content\/uploads\/2025\/11\/SVK_Spieltagsankuendigung_2025_2026_HP_KP-scaled.jpg","_links":{"self":[{"href":"https:\/\/sv-koerne83.de\/wordpress\/wp-json\/wp\/v2\/posts\/4146","targetHints":{"allow":["GET"]}}],"collection":[{"href":"https:\/\/sv-koerne83.de\/wordpress\/wp-json\/wp\/v2\/posts"}],"about":[{"href":"https:\/\/sv-koerne83.de\/wordpress\/wp-json\/wp\/v2\/types\/post"}],"author":[{"embeddable":true,"href":"https:\/\/sv-koerne83.de\/wordpress\/wp-json\/wp\/v2\/users\/2"}],"replies":[{"embeddable":true,"href":"https:\/\/sv-koerne83.de\/wordpress\/wp-json\/wp\/v2\/comments?post=4146"}],"version-history":[{"count":2,"href":"https:\/\/sv-koerne83.de\/wordpress\/wp-json\/wp\/v2\/posts\/4146\/revisions"}],"predecessor-version":[{"id":4155,"href":"https:\/\/sv-koerne83.de\/wordpress\/wp-json\/wp\/v2\/posts\/4146\/revisions\/4155"}],"wp:featuredmedia":[{"embeddable":true,"href":"https:\/\/sv-koerne83.de\/wordpress\/wp-json\/wp\/v2\/media\/4147"}],"wp:attachment":[{"href":"https:\/\/sv-koerne83.de\/wordpress\/wp-json\/wp\/v2\/media?parent=4146"}],"wp:term":[{"taxonomy":"category","embeddable":true,"href":"https:\/\/sv-koerne83.de\/wordpress\/wp-json\/wp\/v2\/categories?post=4146"},{"taxonomy":"post_tag","embeddable":true,"href":"https:\/\/sv-koerne83.de\/wordpress\/wp-json\/wp\/v2\/tags?post=4146"}],"curies":[{"name":"wp","href":"https:\/\/api.w.org\/{rel}","templated":true}]}}