{"id":4156,"date":"2025-11-12T08:12:51","date_gmt":"2025-11-12T07:12:51","guid":{"rendered":"https:\/\/sv-koerne83.de\/wordpress\/?p=4156"},"modified":"2025-11-12T08:12:52","modified_gmt":"2025-11-12T07:12:52","slug":"freitag-flutlicht-soelderholz","status":"publish","type":"post","link":"https:\/\/sv-koerne83.de\/wordpress\/2025\/11\/12\/freitag-flutlicht-soelderholz\/","title":{"rendered":"Freitag. Flutlicht. S\u00f6lderholz"},"content":{"rendered":"\n<p>Am Freitagabend trifft unsere 1. Mannschaft auf das Team von den Sportfreunden S\u00f6lderholz. Nach drei Niederlagen in Folge ben\u00f6tigt die Mannschaft von Trainer Viktor Pusch dringend wieder ein Erfolgserlebnis. Mit den Sportfreunden kommt jedoch kein leichter Gegner in den Affenk\u00e4fig. Das Team vom Adlerhorst stellt mit Marvin K\u00f6nig (15 Tore) einen der Toptorj\u00e4ger der Liga. Mit Tomas Rucinskas (14 Tore) stellt unsere 1. Mannschaft einen weiteren Toptorj\u00e4ger dagegen. Die Zuschauer erwartet also ein spannendes Spiel zwischen dem Drittplatzierten und F\u00fcnftplatzierten der Liga. Ansto\u00df am Winkelriedweg ist um 19.45 Uhr. Wir sehen uns im Affenk\u00e4fig!<\/p>\n","protected":false},"excerpt":{"rendered":"<p>Am Freitagabend trifft unsere 1. Mannschaft auf das Team von den Sportfreunden S\u00f6lderholz. Nach drei Niederlagen in Folge ben\u00f6tigt die Mannschaft von Trainer Viktor Pusch dringend wieder ein Erfolgserlebnis. Mit [&hellip;]<\/p>\n","protected":false},"author":2,"featured_media":4157,"comment_status":"closed","ping_status":"open","sticky":false,"template":"","format":"standard","meta":{"_jetpack_memberships_contains_paid_content":false,"footnotes":""},"categories":[1],"tags":[],"class_list":["post-4156","post","type-post","status-publish","format-standard","has-post-thumbnail","hentry","category-allgemein"],"jetpack_sharing_enabled":true,"jetpack_featured_media_url":"https:\/\/sv-koerne83.de\/wordpress\/wp-content\/uploads\/2025\/11\/SVK_Spieltagsankuendigung_2025_2026_HP-1-scaled.jpg","_links":{"self":[{"href":"https:\/\/sv-koerne83.de\/wordpress\/wp-json\/wp\/v2\/posts\/4156","targetHints":{"allow":["GET"]}}],"collection":[{"href":"https:\/\/sv-koerne83.de\/wordpress\/wp-json\/wp\/v2\/posts"}],"about":[{"href":"https:\/\/sv-koerne83.de\/wordpress\/wp-json\/wp\/v2\/types\/post"}],"author":[{"embeddable":true,"href":"https:\/\/sv-koerne83.de\/wordpress\/wp-json\/wp\/v2\/users\/2"}],"replies":[{"embeddable":true,"href":"https:\/\/sv-koerne83.de\/wordpress\/wp-json\/wp\/v2\/comments?post=4156"}],"version-history":[{"count":2,"href":"https:\/\/sv-koerne83.de\/wordpress\/wp-json\/wp\/v2\/posts\/4156\/revisions"}],"predecessor-version":[{"id":4159,"href":"https:\/\/sv-koerne83.de\/wordpress\/wp-json\/wp\/v2\/posts\/4156\/revisions\/4159"}],"wp:featuredmedia":[{"embeddable":true,"href":"https:\/\/sv-koerne83.de\/wordpress\/wp-json\/wp\/v2\/media\/4157"}],"wp:attachment":[{"href":"https:\/\/sv-koerne83.de\/wordpress\/wp-json\/wp\/v2\/media?parent=4156"}],"wp:term":[{"taxonomy":"category","embeddable":true,"href":"https:\/\/sv-koerne83.de\/wordpress\/wp-json\/wp\/v2\/categories?post=4156"},{"taxonomy":"post_tag","embeddable":true,"href":"https:\/\/sv-koerne83.de\/wordpress\/wp-json\/wp\/v2\/tags?post=4156"}],"curies":[{"name":"wp","href":"https:\/\/api.w.org\/{rel}","templated":true}]}}