{"id":4171,"date":"2025-11-26T12:38:59","date_gmt":"2025-11-26T11:38:59","guid":{"rendered":"https:\/\/sv-koerne83.de\/wordpress\/?p=4171"},"modified":"2025-11-26T12:39:01","modified_gmt":"2025-11-26T11:39:01","slug":"super-sunday-am-ersten-advent","status":"publish","type":"post","link":"https:\/\/sv-koerne83.de\/wordpress\/2025\/11\/26\/super-sunday-am-ersten-advent\/","title":{"rendered":"Super-Sunday am ersten Advent"},"content":{"rendered":"\n<p>Bei den Herren schlie\u00dfen wir das Jahr mit dem Super-Sunday ab. Alle drei Seniorenmannschaften haben ein Heimspiel. F\u00fcr die 1. Mannschaft und 2. Mannschaft ist es das letzte Spiel in 2025. Lediglich die 3. Mannschaft darf in den n\u00e4chsten Wochen nochmal um Punkte k\u00e4mpfen.<\/p>\n\n\n\n<p>Den Start macht die 3. Mannschaft. Sie empf\u00e4ngt um 11.00 Uhr das Team vom FC Sandzak II. Um 13.00 Uhr trifft unsere 2. Mannschaft auf das Team vom H\u00f6rder SC III. Den Abschluss macht um 15.15 Uhr unsere 1. Mannschaft. Das Team von Trainer Viktor Pusch spielt gegen den TuS Holzen-Sommerberg II. Wir sehen uns im Affenk\u00e4fig!<\/p>\n","protected":false},"excerpt":{"rendered":"<p>Bei den Herren schlie\u00dfen wir das Jahr mit dem Super-Sunday ab. Alle drei Seniorenmannschaften haben ein Heimspiel. F\u00fcr die 1. Mannschaft und 2. Mannschaft ist es das letzte Spiel in [&hellip;]<\/p>\n","protected":false},"author":2,"featured_media":4172,"comment_status":"closed","ping_status":"open","sticky":false,"template":"","format":"standard","meta":{"_jetpack_memberships_contains_paid_content":false,"footnotes":""},"categories":[1],"tags":[],"class_list":["post-4171","post","type-post","status-publish","format-standard","has-post-thumbnail","hentry","category-allgemein"],"jetpack_sharing_enabled":true,"jetpack_featured_media_url":"https:\/\/sv-koerne83.de\/wordpress\/wp-content\/uploads\/2025\/11\/SVK_Spieltagsankuendigung_2025_2026_HP-2-scaled.jpg","_links":{"self":[{"href":"https:\/\/sv-koerne83.de\/wordpress\/wp-json\/wp\/v2\/posts\/4171","targetHints":{"allow":["GET"]}}],"collection":[{"href":"https:\/\/sv-koerne83.de\/wordpress\/wp-json\/wp\/v2\/posts"}],"about":[{"href":"https:\/\/sv-koerne83.de\/wordpress\/wp-json\/wp\/v2\/types\/post"}],"author":[{"embeddable":true,"href":"https:\/\/sv-koerne83.de\/wordpress\/wp-json\/wp\/v2\/users\/2"}],"replies":[{"embeddable":true,"href":"https:\/\/sv-koerne83.de\/wordpress\/wp-json\/wp\/v2\/comments?post=4171"}],"version-history":[{"count":2,"href":"https:\/\/sv-koerne83.de\/wordpress\/wp-json\/wp\/v2\/posts\/4171\/revisions"}],"predecessor-version":[{"id":4174,"href":"https:\/\/sv-koerne83.de\/wordpress\/wp-json\/wp\/v2\/posts\/4171\/revisions\/4174"}],"wp:featuredmedia":[{"embeddable":true,"href":"https:\/\/sv-koerne83.de\/wordpress\/wp-json\/wp\/v2\/media\/4172"}],"wp:attachment":[{"href":"https:\/\/sv-koerne83.de\/wordpress\/wp-json\/wp\/v2\/media?parent=4171"}],"wp:term":[{"taxonomy":"category","embeddable":true,"href":"https:\/\/sv-koerne83.de\/wordpress\/wp-json\/wp\/v2\/categories?post=4171"},{"taxonomy":"post_tag","embeddable":true,"href":"https:\/\/sv-koerne83.de\/wordpress\/wp-json\/wp\/v2\/tags?post=4171"}],"curies":[{"name":"wp","href":"https:\/\/api.w.org\/{rel}","templated":true}]}}