{"id":4175,"date":"2025-12-02T07:19:20","date_gmt":"2025-12-02T06:19:20","guid":{"rendered":"https:\/\/sv-koerne83.de\/wordpress\/?p=4175"},"modified":"2025-12-02T07:19:22","modified_gmt":"2025-12-02T06:19:22","slug":"c2-empfaengt-tura-asseln","status":"publish","type":"post","link":"https:\/\/sv-koerne83.de\/wordpress\/2025\/12\/02\/c2-empfaengt-tura-asseln\/","title":{"rendered":"C2 empf\u00e4ngt TuRa Asseln"},"content":{"rendered":"\n<p>Am Mittwoch empf\u00e4ngt unsere C2-Jugend das Team von TuRa Asseln. Die Asselner starteten perfekt in die Hauptrunde und konnten ihr erstes Spiel gegen die Spielgemeinschaft von RW Germania und VfR Kirchlinde mit 11:0 gewinnen. Unsere C2-Jugend musste im ersten Spiel eine 4:1 Ausw\u00e4rtsniederlage bei den Dortmunder L\u00f6wen hinnehmen. Ansto\u00df am Winkelriedweg ist um 18.00 Uhr. Wir sehen uns im Affenk\u00e4fig!<\/p>\n","protected":false},"excerpt":{"rendered":"<p>Am Mittwoch empf\u00e4ngt unsere C2-Jugend das Team von TuRa Asseln. Die Asselner starteten perfekt in die Hauptrunde und konnten ihr erstes Spiel gegen die Spielgemeinschaft von RW Germania und VfR [&hellip;]<\/p>\n","protected":false},"author":2,"featured_media":4176,"comment_status":"closed","ping_status":"open","sticky":false,"template":"","format":"standard","meta":{"_jetpack_memberships_contains_paid_content":false,"footnotes":""},"categories":[1],"tags":[],"class_list":["post-4175","post","type-post","status-publish","format-standard","has-post-thumbnail","hentry","category-allgemein"],"jetpack_sharing_enabled":true,"jetpack_featured_media_url":"https:\/\/sv-koerne83.de\/wordpress\/wp-content\/uploads\/2025\/12\/SVK_Spieltagsankuendigung_2025_2026_C2-scaled.jpg","_links":{"self":[{"href":"https:\/\/sv-koerne83.de\/wordpress\/wp-json\/wp\/v2\/posts\/4175","targetHints":{"allow":["GET"]}}],"collection":[{"href":"https:\/\/sv-koerne83.de\/wordpress\/wp-json\/wp\/v2\/posts"}],"about":[{"href":"https:\/\/sv-koerne83.de\/wordpress\/wp-json\/wp\/v2\/types\/post"}],"author":[{"embeddable":true,"href":"https:\/\/sv-koerne83.de\/wordpress\/wp-json\/wp\/v2\/users\/2"}],"replies":[{"embeddable":true,"href":"https:\/\/sv-koerne83.de\/wordpress\/wp-json\/wp\/v2\/comments?post=4175"}],"version-history":[{"count":1,"href":"https:\/\/sv-koerne83.de\/wordpress\/wp-json\/wp\/v2\/posts\/4175\/revisions"}],"predecessor-version":[{"id":4177,"href":"https:\/\/sv-koerne83.de\/wordpress\/wp-json\/wp\/v2\/posts\/4175\/revisions\/4177"}],"wp:featuredmedia":[{"embeddable":true,"href":"https:\/\/sv-koerne83.de\/wordpress\/wp-json\/wp\/v2\/media\/4176"}],"wp:attachment":[{"href":"https:\/\/sv-koerne83.de\/wordpress\/wp-json\/wp\/v2\/media?parent=4175"}],"wp:term":[{"taxonomy":"category","embeddable":true,"href":"https:\/\/sv-koerne83.de\/wordpress\/wp-json\/wp\/v2\/categories?post=4175"},{"taxonomy":"post_tag","embeddable":true,"href":"https:\/\/sv-koerne83.de\/wordpress\/wp-json\/wp\/v2\/tags?post=4175"}],"curies":[{"name":"wp","href":"https:\/\/api.w.org\/{rel}","templated":true}]}}