{"id":4213,"date":"2026-01-12T09:57:47","date_gmt":"2026-01-12T08:57:47","guid":{"rendered":"https:\/\/sv-koerne83.de\/wordpress\/?p=4213"},"modified":"2026-01-12T09:57:49","modified_gmt":"2026-01-12T08:57:49","slug":"jahreshauptversammlung","status":"publish","type":"post","link":"https:\/\/sv-koerne83.de\/wordpress\/2026\/01\/12\/jahreshauptversammlung\/","title":{"rendered":"Jahreshauptversammlung"},"content":{"rendered":"\n<p><strong>Einladung zur Jahreshauptversammlung<br><\/strong><br>Liebe Vereinsmitglieder,<br>hiermit laden wir euch recht herzlich zu unserer Jahreshauptversammlung am 2.2.2026 um 18.30 Uhr im Vereinsheim ein.<\/p>\n\n\n\n<p>Tagesordnung:<\/p>\n\n\n\n<ol class=\"wp-block-list\">\n<li>Begr\u00fc\u00dfung<\/li>\n\n\n\n<li>Genehmigung der Tagesordnung<\/li>\n\n\n\n<li>Bericht des Vorstandes<\/li>\n\n\n\n<li>Finanzbericht<\/li>\n\n\n\n<li>Bericht Kassenpr\u00fcfer<\/li>\n\n\n\n<li>Entlastung<\/li>\n\n\n\n<li>Wahl des Versammlungsleiters<\/li>\n\n\n\n<li>Neuwahlen (1. Vorsitzender, 2. Vorsitzender, 1. Gesch\u00e4ftsf\u00fchrer, 2. Gesch\u00e4ftsf\u00fchrer, Kassierer, Kassenpr\u00fcfer, stellv. Kassenpr\u00fcfer)<\/li>\n\n\n\n<li>Antr\u00e4ge<\/li>\n\n\n\n<li>Ehrungen<\/li>\n\n\n\n<li>Verschiedenes<\/li>\n<\/ol>\n\n\n\n<p>Antr\u00e4ge sind sp\u00e4testens bis Montag 26.01.2026 schriftlich per E-Mail an info@sv-koerne83.de einzureichen.<\/p>\n","protected":false},"excerpt":{"rendered":"<p>Einladung zur JahreshauptversammlungLiebe Vereinsmitglieder,hiermit laden wir euch recht herzlich zu unserer Jahreshauptversammlung am 2.2.2026 um 18.30 Uhr im Vereinsheim ein. Tagesordnung: Antr\u00e4ge sind sp\u00e4testens bis Montag 26.01.2026 schriftlich per E-Mail [&hellip;]<\/p>\n","protected":false},"author":2,"featured_media":1281,"comment_status":"closed","ping_status":"open","sticky":false,"template":"","format":"standard","meta":{"_jetpack_memberships_contains_paid_content":false,"footnotes":""},"categories":[1],"tags":[],"class_list":["post-4213","post","type-post","status-publish","format-standard","has-post-thumbnail","hentry","category-allgemein"],"jetpack_sharing_enabled":true,"jetpack_featured_media_url":"https:\/\/sv-koerne83.de\/wordpress\/wp-content\/uploads\/2020\/03\/img_1765.jpg","_links":{"self":[{"href":"https:\/\/sv-koerne83.de\/wordpress\/wp-json\/wp\/v2\/posts\/4213","targetHints":{"allow":["GET"]}}],"collection":[{"href":"https:\/\/sv-koerne83.de\/wordpress\/wp-json\/wp\/v2\/posts"}],"about":[{"href":"https:\/\/sv-koerne83.de\/wordpress\/wp-json\/wp\/v2\/types\/post"}],"author":[{"embeddable":true,"href":"https:\/\/sv-koerne83.de\/wordpress\/wp-json\/wp\/v2\/users\/2"}],"replies":[{"embeddable":true,"href":"https:\/\/sv-koerne83.de\/wordpress\/wp-json\/wp\/v2\/comments?post=4213"}],"version-history":[{"count":1,"href":"https:\/\/sv-koerne83.de\/wordpress\/wp-json\/wp\/v2\/posts\/4213\/revisions"}],"predecessor-version":[{"id":4214,"href":"https:\/\/sv-koerne83.de\/wordpress\/wp-json\/wp\/v2\/posts\/4213\/revisions\/4214"}],"wp:featuredmedia":[{"embeddable":true,"href":"https:\/\/sv-koerne83.de\/wordpress\/wp-json\/wp\/v2\/media\/1281"}],"wp:attachment":[{"href":"https:\/\/sv-koerne83.de\/wordpress\/wp-json\/wp\/v2\/media?parent=4213"}],"wp:term":[{"taxonomy":"category","embeddable":true,"href":"https:\/\/sv-koerne83.de\/wordpress\/wp-json\/wp\/v2\/categories?post=4213"},{"taxonomy":"post_tag","embeddable":true,"href":"https:\/\/sv-koerne83.de\/wordpress\/wp-json\/wp\/v2\/tags?post=4213"}],"curies":[{"name":"wp","href":"https:\/\/api.w.org\/{rel}","templated":true}]}}