{"id":4216,"date":"2026-02-04T08:43:54","date_gmt":"2026-02-04T07:43:54","guid":{"rendered":"https:\/\/sv-koerne83.de\/wordpress\/?p=4216"},"modified":"2026-02-04T09:06:51","modified_gmt":"2026-02-04T08:06:51","slug":"tim-exner-uebernimmt-vereinsvorsitz-besondere-ehrung-fuer-eddy-hoffmann","status":"publish","type":"post","link":"https:\/\/sv-koerne83.de\/wordpress\/2026\/02\/04\/tim-exner-uebernimmt-vereinsvorsitz-besondere-ehrung-fuer-eddy-hoffmann\/","title":{"rendered":"Tim Exner \u00fcbernimmt Vereinsvorsitz \u2013 besondere Ehrung f\u00fcr Eddy Hoffmann"},"content":{"rendered":"\n<p>Am <strong>2. Februar 2026<\/strong> fand die Jahreshauptversammlung des <strong>SV K\u00f6rne 83<\/strong> statt. Im Mittelpunkt der Versammlung standen turnusgem\u00e4\u00dfe Vorstandswahlen sowie die W\u00fcrdigung des langj\u00e4hrigen Vereinsvorsitzenden <strong>Eddy Hoffmann<\/strong>.<\/p>\n\n\n\n<p>Zum neuen <strong>1. Vorsitzenden<\/strong> wurde <strong>Tim Exner<\/strong> gew\u00e4hlt. Er l\u00f6st damit <strong>Eddy Hoffmann<\/strong> ab, der dieses Amt \u00fcber beeindruckende <strong>41 Jahre<\/strong> innehatte und den Verein seit seiner Gr\u00fcndung im Jahr 1983 entscheidend gepr\u00e4gt hat. Unter seiner F\u00fchrung entwickelte sich der SV K\u00f6rne 83 zu einem festen Bestandteil des Dortmunder Vereinslebens mit rund <strong>500 Mitgliedern<\/strong>, eigenem Vereinsheim, einen Kunstrasenplatz, Trib\u00fcne, sportlichen Erfolgen sowie einem aktiven Vereins- und Nachbarschaftsleben.<\/p>\n\n\n\n<p>Als <strong>2. Vorsitzender<\/strong> wurde <strong>Patrick Burckhardt<\/strong> neu in den Vorstand gew\u00e4hlt. In der Gesch\u00e4ftsf\u00fchrung setzt der Verein weiterhin auf Kontinuit\u00e4t: <strong>Pawel Bartoszek<\/strong> bleibt <strong>1. Gesch\u00e4ftsf\u00fchrer<\/strong>, <strong>Daniel Uffelmann<\/strong> wurde als <strong>2. Gesch\u00e4ftsf\u00fchrer<\/strong> wiedergew\u00e4hlt. Als <strong>Kassiererin <\/strong>wurde <strong>Alexandra David<\/strong> neu ins Amt gew\u00e4hlt. Auch die Jugendabteilung bleibt in bew\u00e4hrten H\u00e4nden: <strong>Yassir Bouzerda<\/strong> f\u00fchrt seine Arbeit als <strong>Jugendleiter<\/strong> fort.<\/p>\n\n\n\n<figure class=\"wp-block-image size-large\"><img loading=\"lazy\" decoding=\"async\" width=\"1024\" height=\"768\" src=\"https:\/\/sv-koerne83.de\/wordpress\/wp-content\/uploads\/2026\/02\/IMG_4871-1024x768.jpeg\" alt=\"\" class=\"wp-image-4218\" srcset=\"https:\/\/sv-koerne83.de\/wordpress\/wp-content\/uploads\/2026\/02\/IMG_4871-1024x768.jpeg 1024w, https:\/\/sv-koerne83.de\/wordpress\/wp-content\/uploads\/2026\/02\/IMG_4871-300x225.jpeg 300w, https:\/\/sv-koerne83.de\/wordpress\/wp-content\/uploads\/2026\/02\/IMG_4871-768x576.jpeg 768w, https:\/\/sv-koerne83.de\/wordpress\/wp-content\/uploads\/2026\/02\/IMG_4871-1536x1152.jpeg 1536w, https:\/\/sv-koerne83.de\/wordpress\/wp-content\/uploads\/2026\/02\/IMG_4871-128x96.jpeg 128w, https:\/\/sv-koerne83.de\/wordpress\/wp-content\/uploads\/2026\/02\/IMG_4871-32x24.jpeg 32w, https:\/\/sv-koerne83.de\/wordpress\/wp-content\/uploads\/2026\/02\/IMG_4871.jpeg 2048w\" sizes=\"auto, (max-width: 1024px) 100vw, 1024px\" \/><\/figure>\n\n\n\n<p>Ein besonderer H\u00f6hepunkt der Versammlung war die Ehrung von <strong>Eddy Hoffmann<\/strong> f\u00fcr seine au\u00dfergew\u00f6hnlichen Verdienste um den Verein und den Fu\u00dfballsport. Er wurde vom <strong>Ehrenkreisvorsitzenden J\u00fcrgen Grondziewski<\/strong> sowie der <strong>Kreisgesch\u00e4ftsf\u00fchrerin Andrea Bokelmann<\/strong> mit dem <strong>Verbandsverdienstzeichen in Gold<\/strong> des <strong>Fu\u00dfball- und Leichtathletik-Verbands Westfalen (FLVW)<\/strong> ausgezeichnet. Die Versammlung w\u00fcrdigte seine jahrzehntelange ehrenamtliche Arbeit mit gro\u00dfem Applaus. Ebenfalls w\u00e4hlte die Versammlung <strong>Eddy Hoffmann<\/strong> zum <strong>Ehrenvorsitzenden<\/strong> des SV K\u00f6rne 83.<\/p>\n\n\n\n<p>Vielen Dank Eddy f\u00fcr deinen jahrelangen unerm\u00fcdlichen Einsatz. <\/p>\n","protected":false},"excerpt":{"rendered":"<p>Am 2. Februar 2026 fand die Jahreshauptversammlung des SV K\u00f6rne 83 statt. Im Mittelpunkt der Versammlung standen turnusgem\u00e4\u00dfe Vorstandswahlen sowie die W\u00fcrdigung des langj\u00e4hrigen Vereinsvorsitzenden Eddy Hoffmann. Zum neuen 1. [&hellip;]<\/p>\n","protected":false},"author":2,"featured_media":4217,"comment_status":"closed","ping_status":"open","sticky":false,"template":"","format":"standard","meta":{"_jetpack_memberships_contains_paid_content":false,"footnotes":""},"categories":[1],"tags":[],"class_list":["post-4216","post","type-post","status-publish","format-standard","has-post-thumbnail","hentry","category-allgemein"],"jetpack_sharing_enabled":true,"jetpack_featured_media_url":"https:\/\/sv-koerne83.de\/wordpress\/wp-content\/uploads\/2026\/02\/D96F626D-2D28-4E7C-8601-56E4E5334020.jpeg","_links":{"self":[{"href":"https:\/\/sv-koerne83.de\/wordpress\/wp-json\/wp\/v2\/posts\/4216","targetHints":{"allow":["GET"]}}],"collection":[{"href":"https:\/\/sv-koerne83.de\/wordpress\/wp-json\/wp\/v2\/posts"}],"about":[{"href":"https:\/\/sv-koerne83.de\/wordpress\/wp-json\/wp\/v2\/types\/post"}],"author":[{"embeddable":true,"href":"https:\/\/sv-koerne83.de\/wordpress\/wp-json\/wp\/v2\/users\/2"}],"replies":[{"embeddable":true,"href":"https:\/\/sv-koerne83.de\/wordpress\/wp-json\/wp\/v2\/comments?post=4216"}],"version-history":[{"count":2,"href":"https:\/\/sv-koerne83.de\/wordpress\/wp-json\/wp\/v2\/posts\/4216\/revisions"}],"predecessor-version":[{"id":4220,"href":"https:\/\/sv-koerne83.de\/wordpress\/wp-json\/wp\/v2\/posts\/4216\/revisions\/4220"}],"wp:featuredmedia":[{"embeddable":true,"href":"https:\/\/sv-koerne83.de\/wordpress\/wp-json\/wp\/v2\/media\/4217"}],"wp:attachment":[{"href":"https:\/\/sv-koerne83.de\/wordpress\/wp-json\/wp\/v2\/media?parent=4216"}],"wp:term":[{"taxonomy":"category","embeddable":true,"href":"https:\/\/sv-koerne83.de\/wordpress\/wp-json\/wp\/v2\/categories?post=4216"},{"taxonomy":"post_tag","embeddable":true,"href":"https:\/\/sv-koerne83.de\/wordpress\/wp-json\/wp\/v2\/tags?post=4216"}],"curies":[{"name":"wp","href":"https:\/\/api.w.org\/{rel}","templated":true}]}}