{"id":4226,"date":"2026-02-05T08:25:00","date_gmt":"2026-02-05T07:25:00","guid":{"rendered":"https:\/\/sv-koerne83.de\/wordpress\/?p=4226"},"modified":"2026-02-05T08:25:01","modified_gmt":"2026-02-05T07:25:01","slug":"pawel-bartoszek-fuer-langjaehrige-vereinsmitgliedschaft-geehrt","status":"publish","type":"post","link":"https:\/\/sv-koerne83.de\/wordpress\/2026\/02\/05\/pawel-bartoszek-fuer-langjaehrige-vereinsmitgliedschaft-geehrt\/","title":{"rendered":"Pawel Bartoszek f\u00fcr langj\u00e4hrige Vereinsmitgliedschaft geehrt"},"content":{"rendered":"\n<p>Im Rahmen der <strong>Jahreshauptversammlung am 02.02.2026<\/strong> durfte der SV K\u00f6rne eine ganz besondere Ehrung vornehmen: Unser Gesch\u00e4ftsf\u00fchrer <strong>Pawel Bartoszek<\/strong> wurde f\u00fcr seine langj\u00e4hrigen Verdienste um den Verein ausgezeichnet.<\/p>\n\n\n\n<p>Seit dem Jahr <strong>2000 <\/strong>ist Pawel Mitglied beim SV K\u00f6rne. In dieser Zeit war er als <strong>Jugendleiter, Spieler, Betreuer und Schiedsrichter<\/strong> aktiv, engagierte sich besonders stark im Frauen- und M\u00e4dchenfu\u00dfball und ist bis heute mit gro\u00dfem Einsatz f\u00fcr unseren Verein da. Seit mehreren Jahren hat er zudem den Posten des <strong>Gesch\u00e4ftsf\u00fchrers <\/strong>inne und tr\u00e4gt ma\u00dfgeblich zur positiven Entwicklung des SV K\u00f6rne bei. Auch au\u00dferhalb unseres Vereins ist Pawel ehrenamtlich t\u00e4tig, unter anderem im <strong>Kreisschiedsrichterausschuss<\/strong>.<\/p>\n\n\n\n<p>Unser <strong>Ehrenvorsitzender Eddy Hoffmann<\/strong> ehrte Pawel f\u00fcr dieses au\u00dfergew\u00f6hnliche Engagement mit der <strong>goldenen Vereinsnadel<\/strong> und der <strong>goldenen Vereinsurkunde<\/strong>.<\/p>\n\n\n\n<p>Lieber Pawel, danke f\u00fcr alles \u2013 und auf viele weitere gemeinsame Jahre beim SV K\u00f6rne!<\/p>\n","protected":false},"excerpt":{"rendered":"<p>Im Rahmen der Jahreshauptversammlung am 02.02.2026 durfte der SV K\u00f6rne eine ganz besondere Ehrung vornehmen: Unser Gesch\u00e4ftsf\u00fchrer Pawel Bartoszek wurde f\u00fcr seine langj\u00e4hrigen Verdienste um den Verein ausgezeichnet. Seit dem [&hellip;]<\/p>\n","protected":false},"author":2,"featured_media":4227,"comment_status":"closed","ping_status":"open","sticky":false,"template":"","format":"standard","meta":{"_jetpack_memberships_contains_paid_content":false,"footnotes":""},"categories":[1],"tags":[],"class_list":["post-4226","post","type-post","status-publish","format-standard","has-post-thumbnail","hentry","category-allgemein"],"jetpack_sharing_enabled":true,"jetpack_featured_media_url":"https:\/\/sv-koerne83.de\/wordpress\/wp-content\/uploads\/2026\/02\/Pawel_Jubiaeum-scaled.jpg","_links":{"self":[{"href":"https:\/\/sv-koerne83.de\/wordpress\/wp-json\/wp\/v2\/posts\/4226","targetHints":{"allow":["GET"]}}],"collection":[{"href":"https:\/\/sv-koerne83.de\/wordpress\/wp-json\/wp\/v2\/posts"}],"about":[{"href":"https:\/\/sv-koerne83.de\/wordpress\/wp-json\/wp\/v2\/types\/post"}],"author":[{"embeddable":true,"href":"https:\/\/sv-koerne83.de\/wordpress\/wp-json\/wp\/v2\/users\/2"}],"replies":[{"embeddable":true,"href":"https:\/\/sv-koerne83.de\/wordpress\/wp-json\/wp\/v2\/comments?post=4226"}],"version-history":[{"count":1,"href":"https:\/\/sv-koerne83.de\/wordpress\/wp-json\/wp\/v2\/posts\/4226\/revisions"}],"predecessor-version":[{"id":4228,"href":"https:\/\/sv-koerne83.de\/wordpress\/wp-json\/wp\/v2\/posts\/4226\/revisions\/4228"}],"wp:featuredmedia":[{"embeddable":true,"href":"https:\/\/sv-koerne83.de\/wordpress\/wp-json\/wp\/v2\/media\/4227"}],"wp:attachment":[{"href":"https:\/\/sv-koerne83.de\/wordpress\/wp-json\/wp\/v2\/media?parent=4226"}],"wp:term":[{"taxonomy":"category","embeddable":true,"href":"https:\/\/sv-koerne83.de\/wordpress\/wp-json\/wp\/v2\/categories?post=4226"},{"taxonomy":"post_tag","embeddable":true,"href":"https:\/\/sv-koerne83.de\/wordpress\/wp-json\/wp\/v2\/tags?post=4226"}],"curies":[{"name":"wp","href":"https:\/\/api.w.org\/{rel}","templated":true}]}}