{"id":4232,"date":"2026-02-18T09:45:53","date_gmt":"2026-02-18T08:45:53","guid":{"rendered":"https:\/\/sv-koerne83.de\/wordpress\/?p=4232"},"modified":"2026-02-18T09:45:55","modified_gmt":"2026-02-18T08:45:55","slug":"derby-wochenende-in-koerne-senioren-starten-in-die-meisterschaft","status":"publish","type":"post","link":"https:\/\/sv-koerne83.de\/wordpress\/2026\/02\/18\/derby-wochenende-in-koerne-senioren-starten-in-die-meisterschaft\/","title":{"rendered":"Derby-Wochenende in K\u00f6rne \u2013 Senioren starten in die Meisterschaft"},"content":{"rendered":"\n<p>Am kommenden Wochenende stehen gleich mehrere spannende K\u00f6rner Derbys auf dem Spielplan. W\u00e4hrend sich unsere Jugendteams bereits seit einigen Wochen im Meisterschaftsbetrieb befinden, starten nun auch unsere Senioren wieder in die R\u00fcckrunde.<\/p>\n\n\n\n<h4 class=\"wp-block-heading\">2. Mannschaft \u2013 Heimspiel im Affenk\u00e4fig<\/h4>\n\n\n\n<p>Unsere 2. Mannschaft empf\u00e4ngt den FC Dortmund im heimischen Affenk\u00e4fig. Die G\u00e4ste von der Lippst\u00e4dterstra\u00dfe reisen als Tabellenelfter an und werden alles daransetzen, wichtige Punkte mitzunehmen.<br><strong>Ansto\u00df: 15.15 Uhr<\/strong><\/p>\n\n\n\n<h4 class=\"wp-block-heading\">3. Mannschaft \u2013 Ausw\u00e4rts an der Lippst\u00e4dterstra\u00dfe<\/h4>\n\n\n\n<p>Unsere 3. Mannschaft ist ausw\u00e4rts gefordert und trifft auf \u00d6SG Viktoria II. Gespielt wird auf der Sportanlage Lippst\u00e4dterstra\u00dfe.<br><strong>Ansto\u00df: 11.00 Uhr<\/strong><\/p>\n\n\n\n<hr class=\"wp-block-separator has-alpha-channel-opacity\"\/>\n\n\n\n<h3 class=\"wp-block-heading\">Jugend ebenfalls im Derby-Fieber<\/h3>\n\n\n\n<p>Auch im Jugendbereich stehen brisante Nachbarschaftsduelle an:<\/p>\n\n\n\n<ul class=\"wp-block-list\">\n<li><strong>C2-Jugend<\/strong><br>Heimspiel gegen den TuS Hannibal \u2013 ebenfalls ein Team von der Lippst\u00e4dterstra\u00dfe.<br><strong>Ansto\u00df im Affenk\u00e4fig: 13.30 Uhr (Samstag)<\/strong><\/li>\n\n\n\n<li><strong>D1-Jugend<\/strong><br>Ausw\u00e4rts beim Tabellenf\u00fchrer DJK TuS K\u00f6rne auf der Sportanlage am Zippen.<br><strong>Ansto\u00df: 10.30 Uhr (Samstag)<\/strong><\/li>\n\n\n\n<li><strong>F1-Jugend<\/strong><br>Heimspiel-Derby gegen die \u00d6SG Viktoria.<br><strong>Ansto\u00df im Affenk\u00e4fig: 11.00 Uhr<\/strong> <strong>(Samstag)<\/strong><\/li>\n<\/ul>\n\n\n\n<hr class=\"wp-block-separator has-alpha-channel-opacity\"\/>\n\n\n\n<p>Es verspricht ein intensives und spannendes Fu\u00dfballwochenende zu werden. Wir freuen uns auf zahlreiche Unterst\u00fctzung am Spielfeldrand \u2013 kommt vorbei und unterst\u00fctzt unsere Teams! <\/p>\n","protected":false},"excerpt":{"rendered":"<p>Am kommenden Wochenende stehen gleich mehrere spannende K\u00f6rner Derbys auf dem Spielplan. W\u00e4hrend sich unsere Jugendteams bereits seit einigen Wochen im Meisterschaftsbetrieb befinden, starten nun auch unsere Senioren wieder in [&hellip;]<\/p>\n","protected":false},"author":2,"featured_media":4230,"comment_status":"closed","ping_status":"open","sticky":false,"template":"","format":"standard","meta":{"_jetpack_memberships_contains_paid_content":false,"footnotes":""},"categories":[1],"tags":[],"class_list":["post-4232","post","type-post","status-publish","format-standard","has-post-thumbnail","hentry","category-allgemein"],"jetpack_sharing_enabled":true,"jetpack_featured_media_url":"https:\/\/sv-koerne83.de\/wordpress\/wp-content\/uploads\/2026\/02\/SVK_Spieltagsankuendigung_2025_2026_derbywochenende4-scaled.jpg","_links":{"self":[{"href":"https:\/\/sv-koerne83.de\/wordpress\/wp-json\/wp\/v2\/posts\/4232","targetHints":{"allow":["GET"]}}],"collection":[{"href":"https:\/\/sv-koerne83.de\/wordpress\/wp-json\/wp\/v2\/posts"}],"about":[{"href":"https:\/\/sv-koerne83.de\/wordpress\/wp-json\/wp\/v2\/types\/post"}],"author":[{"embeddable":true,"href":"https:\/\/sv-koerne83.de\/wordpress\/wp-json\/wp\/v2\/users\/2"}],"replies":[{"embeddable":true,"href":"https:\/\/sv-koerne83.de\/wordpress\/wp-json\/wp\/v2\/comments?post=4232"}],"version-history":[{"count":1,"href":"https:\/\/sv-koerne83.de\/wordpress\/wp-json\/wp\/v2\/posts\/4232\/revisions"}],"predecessor-version":[{"id":4233,"href":"https:\/\/sv-koerne83.de\/wordpress\/wp-json\/wp\/v2\/posts\/4232\/revisions\/4233"}],"wp:featuredmedia":[{"embeddable":true,"href":"https:\/\/sv-koerne83.de\/wordpress\/wp-json\/wp\/v2\/media\/4230"}],"wp:attachment":[{"href":"https:\/\/sv-koerne83.de\/wordpress\/wp-json\/wp\/v2\/media?parent=4232"}],"wp:term":[{"taxonomy":"category","embeddable":true,"href":"https:\/\/sv-koerne83.de\/wordpress\/wp-json\/wp\/v2\/categories?post=4232"},{"taxonomy":"post_tag","embeddable":true,"href":"https:\/\/sv-koerne83.de\/wordpress\/wp-json\/wp\/v2\/tags?post=4232"}],"curies":[{"name":"wp","href":"https:\/\/api.w.org\/{rel}","templated":true}]}}