{"id":4235,"date":"2026-02-19T09:47:48","date_gmt":"2026-02-19T08:47:48","guid":{"rendered":"https:\/\/sv-koerne83.de\/wordpress\/?p=4235"},"modified":"2026-02-19T09:47:49","modified_gmt":"2026-02-19T08:47:49","slug":"spitzenspiel-am-sonntag-sv-koerne-trifft-auf-den-hoerder-sc","status":"publish","type":"post","link":"https:\/\/sv-koerne83.de\/wordpress\/2026\/02\/19\/spitzenspiel-am-sonntag-sv-koerne-trifft-auf-den-hoerder-sc\/","title":{"rendered":"Spitzenspiel am Sonntag: SV K\u00f6rne trifft auf den H\u00f6rder SC"},"content":{"rendered":"\n<p>Am <strong>Sonntag <\/strong>trifft unser 1. Mannschaft<strong> ausw\u00e4rts auf den H\u00f6rder SC<\/strong> \u2013 ein echtes <strong>Tabellen-Highlight in der Kreisliga A2<\/strong>! Beide Teams stehen <strong>punktgleich an der Tabellenspitze<\/strong> und haben damit die gro\u00dfe Chance einen direkten Konkurrenten hinter sich zu lassen.<\/p>\n\n\n\n<p>Das <strong>Hinspiel endete 2:2<\/strong>, ein Ergebnis, das zeigt, wie eng und umk\u00e4mpft diese Paarung ist.<\/p>\n\n\n\n<p>Unsere Mannschaft spielt in dieser Spielzeit eine teamstarke Saison und stellt mit Tomas Rucinskas den treffsichersten Spieler der Liga. Mit gro\u00dfem Kampfgeist und Spielfreude will die 1. Mannschaft auch im R\u00fcckspiel wieder ein Zeichen setzen und wichtige Ausw\u00e4rtspunkte mitnehmen.<\/p>\n\n\n\n<p>Kommt vorbei und unterst\u00fctzt unsere Jungs beim Kampf um die Tabellenspitze. Gespielt wird allerdings nicht beim H\u00f6rder SC, sondern auf dem Platz vom VfR S\u00f6lde <strong>(Sportplatz Rosengarten)<\/strong>. Ansto\u00df ist um 15.00 Uhr.<\/p>\n","protected":false},"excerpt":{"rendered":"<p>Am Sonntag trifft unser 1. Mannschaft ausw\u00e4rts auf den H\u00f6rder SC \u2013 ein echtes Tabellen-Highlight in der Kreisliga A2! Beide Teams stehen punktgleich an der Tabellenspitze und haben damit die [&hellip;]<\/p>\n","protected":false},"author":2,"featured_media":4234,"comment_status":"closed","ping_status":"open","sticky":false,"template":"","format":"standard","meta":{"_jetpack_memberships_contains_paid_content":false,"footnotes":""},"categories":[1],"tags":[],"class_list":["post-4235","post","type-post","status-publish","format-standard","has-post-thumbnail","hentry","category-allgemein"],"jetpack_sharing_enabled":true,"jetpack_featured_media_url":"https:\/\/sv-koerne83.de\/wordpress\/wp-content\/uploads\/2026\/02\/SVK_Spieltagsankuendigung_2025_2026_Topspiel-scaled.jpg","_links":{"self":[{"href":"https:\/\/sv-koerne83.de\/wordpress\/wp-json\/wp\/v2\/posts\/4235","targetHints":{"allow":["GET"]}}],"collection":[{"href":"https:\/\/sv-koerne83.de\/wordpress\/wp-json\/wp\/v2\/posts"}],"about":[{"href":"https:\/\/sv-koerne83.de\/wordpress\/wp-json\/wp\/v2\/types\/post"}],"author":[{"embeddable":true,"href":"https:\/\/sv-koerne83.de\/wordpress\/wp-json\/wp\/v2\/users\/2"}],"replies":[{"embeddable":true,"href":"https:\/\/sv-koerne83.de\/wordpress\/wp-json\/wp\/v2\/comments?post=4235"}],"version-history":[{"count":1,"href":"https:\/\/sv-koerne83.de\/wordpress\/wp-json\/wp\/v2\/posts\/4235\/revisions"}],"predecessor-version":[{"id":4236,"href":"https:\/\/sv-koerne83.de\/wordpress\/wp-json\/wp\/v2\/posts\/4235\/revisions\/4236"}],"wp:featuredmedia":[{"embeddable":true,"href":"https:\/\/sv-koerne83.de\/wordpress\/wp-json\/wp\/v2\/media\/4234"}],"wp:attachment":[{"href":"https:\/\/sv-koerne83.de\/wordpress\/wp-json\/wp\/v2\/media?parent=4235"}],"wp:term":[{"taxonomy":"category","embeddable":true,"href":"https:\/\/sv-koerne83.de\/wordpress\/wp-json\/wp\/v2\/categories?post=4235"},{"taxonomy":"post_tag","embeddable":true,"href":"https:\/\/sv-koerne83.de\/wordpress\/wp-json\/wp\/v2\/tags?post=4235"}],"curies":[{"name":"wp","href":"https:\/\/api.w.org\/{rel}","templated":true}]}}