{"id":4248,"date":"2026-03-26T09:20:24","date_gmt":"2026-03-26T08:20:24","guid":{"rendered":"https:\/\/sv-koerne83.de\/wordpress\/?p=4248"},"modified":"2026-03-26T09:20:25","modified_gmt":"2026-03-26T08:20:25","slug":"heimspiel-gegen-vfl-hoerde","status":"publish","type":"post","link":"https:\/\/sv-koerne83.de\/wordpress\/2026\/03\/26\/heimspiel-gegen-vfl-hoerde\/","title":{"rendered":"Heimspiel gegen VfL H\u00f6rde"},"content":{"rendered":"\n<p>Nach dem wichtigen 3:0 Ausw\u00e4rtserfolg gegen die Dortmunder L\u00f6wen II steht f\u00fcr unsere 1. Mannschaft am Sonntag wieder ein Heimspiel auf dem Programm. Zu Gast am Winkelriedweg ist der VfL H\u00f6rde.<\/p>\n\n\n\n<p>Die G\u00e4ste belegen aktuell den 9. Tabellenplatz, haben jedoch zwei Spiele weniger absolviert als die Konkurrenz. Im bisherigen Kalenderjahr wartet der VfL noch auf den ersten Sieg in einem Punktspiel \u2013 dennoch ist das Team aus dem Goystadion nicht zu untersch\u00e4tzen.<\/p>\n\n\n\n<p>Unsere Jungs wollen vor heimischer Kulisse an ihre Leistungen ankn\u00fcpfen und die n\u00e4chsten wichtigen Punkte einfahren. Mit eurer Unterst\u00fctzung im R\u00fccken soll der n\u00e4chste Heimsieg her!<\/p>\n\n\n\n<p>\ud83d\udccd SV K\u00f6rne \u2013 VfL H\u00f6rde<br>\ud83d\uddd3 Sonntag<br>\u23f0 Ansto\u00df: 15:15 Uhr<br>\ud83d\udccc Sportplatz Winkelriedweg<\/p>\n\n\n\n<p>Kommt vorbei und unterst\u00fctzt unsere Mannschaft! Wir sehen uns im Affenk\u00e4fig!<\/p>\n","protected":false},"excerpt":{"rendered":"<p>Nach dem wichtigen 3:0 Ausw\u00e4rtserfolg gegen die Dortmunder L\u00f6wen II steht f\u00fcr unsere 1. Mannschaft am Sonntag wieder ein Heimspiel auf dem Programm. Zu Gast am Winkelriedweg ist der VfL [&hellip;]<\/p>\n","protected":false},"author":2,"featured_media":4249,"comment_status":"closed","ping_status":"open","sticky":false,"template":"","format":"standard","meta":{"_jetpack_memberships_contains_paid_content":false,"footnotes":""},"categories":[1],"tags":[],"class_list":["post-4248","post","type-post","status-publish","format-standard","has-post-thumbnail","hentry","category-allgemein"],"jetpack_sharing_enabled":true,"jetpack_featured_media_url":"https:\/\/sv-koerne83.de\/wordpress\/wp-content\/uploads\/2026\/03\/SVK_Spieltagsankuendigung_2025_2026_erste-scaled.jpg","_links":{"self":[{"href":"https:\/\/sv-koerne83.de\/wordpress\/wp-json\/wp\/v2\/posts\/4248","targetHints":{"allow":["GET"]}}],"collection":[{"href":"https:\/\/sv-koerne83.de\/wordpress\/wp-json\/wp\/v2\/posts"}],"about":[{"href":"https:\/\/sv-koerne83.de\/wordpress\/wp-json\/wp\/v2\/types\/post"}],"author":[{"embeddable":true,"href":"https:\/\/sv-koerne83.de\/wordpress\/wp-json\/wp\/v2\/users\/2"}],"replies":[{"embeddable":true,"href":"https:\/\/sv-koerne83.de\/wordpress\/wp-json\/wp\/v2\/comments?post=4248"}],"version-history":[{"count":1,"href":"https:\/\/sv-koerne83.de\/wordpress\/wp-json\/wp\/v2\/posts\/4248\/revisions"}],"predecessor-version":[{"id":4250,"href":"https:\/\/sv-koerne83.de\/wordpress\/wp-json\/wp\/v2\/posts\/4248\/revisions\/4250"}],"wp:featuredmedia":[{"embeddable":true,"href":"https:\/\/sv-koerne83.de\/wordpress\/wp-json\/wp\/v2\/media\/4249"}],"wp:attachment":[{"href":"https:\/\/sv-koerne83.de\/wordpress\/wp-json\/wp\/v2\/media?parent=4248"}],"wp:term":[{"taxonomy":"category","embeddable":true,"href":"https:\/\/sv-koerne83.de\/wordpress\/wp-json\/wp\/v2\/categories?post=4248"},{"taxonomy":"post_tag","embeddable":true,"href":"https:\/\/sv-koerne83.de\/wordpress\/wp-json\/wp\/v2\/tags?post=4248"}],"curies":[{"name":"wp","href":"https:\/\/api.w.org\/{rel}","templated":true}]}}