{"id":4251,"date":"2026-04-01T14:43:01","date_gmt":"2026-04-01T12:43:01","guid":{"rendered":"https:\/\/sv-koerne83.de\/wordpress\/?p=4251"},"modified":"2026-04-01T14:43:03","modified_gmt":"2026-04-01T12:43:03","slug":"transfer-coup-fuer-den-sv-koerne","status":"publish","type":"post","link":"https:\/\/sv-koerne83.de\/wordpress\/2026\/04\/01\/transfer-coup-fuer-den-sv-koerne\/","title":{"rendered":"Transfer-Coup f\u00fcr den SV K\u00f6rne"},"content":{"rendered":"\n<p>Damit hat wirklich niemand gerechnet: Marco Reus kehrt zu seinen Wurzeln zur\u00fcck! \ud83d\udd25\u26bd<\/p>\n\n\n\n<p>Nach seiner Zeit in Amerika zieht es ihn wieder dahin, wo alles begann \u2013 auf den legend\u00e4ren Sportplatz am Winkelriedweg. Ab Sommer l\u00e4uft Reus f\u00fcr den SV K\u00f6rne 83 auf. Ja, richtig gelesen: Affenk\u00e4fig statt MLS!<\/p>\n\n\n\n<p>Der Wechsel wurde in einem pers\u00f6nlichen Gespr\u00e4ch mit unserem Ehrenvorsitzenden Eddy Hoffmann perfekt gemacht. Den entscheidenden Kontakt stellte unser Trainer Viktor Pusch her \u2013 die beiden kennen sich schlie\u00dflich noch aus Kindheitstagen. Fu\u00dfballromantik pur! \u2764\ufe0f<\/p>\n\n\n\n<p>Und es kommt noch besser: Aufgrund von Marcos schwarz-gelber Vergangenheit beim Post SV Dortmund und nat\u00fcrlich beim BVB denkt der Verein ernsthaft dar\u00fcber nach, die eigenen Vereinsfarben ebenfalls auf schwarz-gelb umzustellen. \ud83d\udda4\ud83d\udc9b<\/p>\n\n\n\n<p>Sportlich passt der Transfer perfekt: Die 1. Mannschaft hat aktuell sehr gute Chancen, sich f\u00fcr die Dortmund-Liga zu qualifizieren. Mit Reus im Kader w\u00e4re das nicht nur ein sportliches Highlight, sondern auch ein absoluter Vermarktungs-Coup f\u00fcr die gesamte Liga.<\/p>\n\n\n\n<p>Ein ganz besonderes Schmankerl k\u00f6nnte ebenfalls auf uns warten: Ein m\u00f6gliches Pokalduell gegen seinen alten Weggef\u00e4hrten Kevin Gro\u00dfkreutz (aktuell TuS Eichlinghofen). Fu\u00dfballherz, was willst du mehr? \ud83d\ude0d<\/p>\n","protected":false},"excerpt":{"rendered":"<p>Damit hat wirklich niemand gerechnet: Marco Reus kehrt zu seinen Wurzeln zur\u00fcck! \ud83d\udd25\u26bd Nach seiner Zeit in Amerika zieht es ihn wieder dahin, wo alles begann \u2013 auf den legend\u00e4ren [&hellip;]<\/p>\n","protected":false},"author":2,"featured_media":4252,"comment_status":"closed","ping_status":"open","sticky":false,"template":"","format":"standard","meta":{"_jetpack_memberships_contains_paid_content":false,"footnotes":""},"categories":[1],"tags":[],"class_list":["post-4251","post","type-post","status-publish","format-standard","has-post-thumbnail","hentry","category-allgemein"],"jetpack_sharing_enabled":true,"jetpack_featured_media_url":"https:\/\/sv-koerne83.de\/wordpress\/wp-content\/uploads\/2026\/04\/SVK_breakingNews_2025_2026_HP-marco-scaled.jpg","_links":{"self":[{"href":"https:\/\/sv-koerne83.de\/wordpress\/wp-json\/wp\/v2\/posts\/4251","targetHints":{"allow":["GET"]}}],"collection":[{"href":"https:\/\/sv-koerne83.de\/wordpress\/wp-json\/wp\/v2\/posts"}],"about":[{"href":"https:\/\/sv-koerne83.de\/wordpress\/wp-json\/wp\/v2\/types\/post"}],"author":[{"embeddable":true,"href":"https:\/\/sv-koerne83.de\/wordpress\/wp-json\/wp\/v2\/users\/2"}],"replies":[{"embeddable":true,"href":"https:\/\/sv-koerne83.de\/wordpress\/wp-json\/wp\/v2\/comments?post=4251"}],"version-history":[{"count":1,"href":"https:\/\/sv-koerne83.de\/wordpress\/wp-json\/wp\/v2\/posts\/4251\/revisions"}],"predecessor-version":[{"id":4253,"href":"https:\/\/sv-koerne83.de\/wordpress\/wp-json\/wp\/v2\/posts\/4251\/revisions\/4253"}],"wp:featuredmedia":[{"embeddable":true,"href":"https:\/\/sv-koerne83.de\/wordpress\/wp-json\/wp\/v2\/media\/4252"}],"wp:attachment":[{"href":"https:\/\/sv-koerne83.de\/wordpress\/wp-json\/wp\/v2\/media?parent=4251"}],"wp:term":[{"taxonomy":"category","embeddable":true,"href":"https:\/\/sv-koerne83.de\/wordpress\/wp-json\/wp\/v2\/categories?post=4251"},{"taxonomy":"post_tag","embeddable":true,"href":"https:\/\/sv-koerne83.de\/wordpress\/wp-json\/wp\/v2\/tags?post=4251"}],"curies":[{"name":"wp","href":"https:\/\/api.w.org\/{rel}","templated":true}]}}