{"id":4264,"date":"2026-04-10T08:00:53","date_gmt":"2026-04-10T06:00:53","guid":{"rendered":"https:\/\/sv-koerne83.de\/wordpress\/?p=4264"},"modified":"2026-04-10T08:00:54","modified_gmt":"2026-04-10T06:00:54","slug":"derby-in-koerne","status":"publish","type":"post","link":"https:\/\/sv-koerne83.de\/wordpress\/2026\/04\/10\/derby-in-koerne\/","title":{"rendered":"Derby in K\u00f6rne"},"content":{"rendered":"\n<p>Am Sonntag steht f\u00fcr unsere 1. Mannschaft ein echtes Highlight an: das K\u00f6rner Derby gegen die DJK TuS K\u00f6rne.<\/p>\n\n\n\n<p>Aktuell belegt unser Team den 3. Tabellenplatz und hat mit 6 Punkten R\u00fcckstand auf Spitzenreiter SG Gahmen weiterhin beste Chancen im oberen Tabellendrittel mitzuspielen \u2013 zumal unsere Jungs noch zwei Spiele weniger absolviert haben. Die Ausgangslage verspricht also weiterhin Spannung im Saisonendspurt.<\/p>\n\n\n\n<p>Mit der DJK TuS K\u00f6rne wartet jedoch ein starker Gegner. Die Gastgeber stehen derzeit auf dem 5. Tabellenplatz und werden im Derby alles daransetzen, wichtige Punkte einzufahren. Bereits das Hinspiel hat gezeigt, wie eng die Duelle sind \u2013 damals konnte sich unsere Mannschaft knapp mit 2:1 durchsetzen.<\/p>\n\n\n\n<p>F\u00fcr unsere Jungs gilt es nun, im Derby erneut eine konzentrierte und leidenschaftliche Leistung auf den Platz zu bringen, um die n\u00e4chsten wichtigen Punkte im Kampf um die Spitzenpl\u00e4tze einzufahren.<\/p>\n\n\n\n<p>Ansto\u00df ist am Sonntag um 15:15 Uhr auf der Sportanlage am Zippen.<\/p>\n\n\n\n<p>Wir freuen uns auf ein spannendes Derby und zahlreiche Unterst\u00fctzung!<\/p>\n","protected":false},"excerpt":{"rendered":"<p>Am Sonntag steht f\u00fcr unsere 1. Mannschaft ein echtes Highlight an: das K\u00f6rner Derby gegen die DJK TuS K\u00f6rne. Aktuell belegt unser Team den 3. Tabellenplatz und hat mit 6 [&hellip;]<\/p>\n","protected":false},"author":2,"featured_media":4265,"comment_status":"closed","ping_status":"open","sticky":false,"template":"","format":"standard","meta":{"_jetpack_memberships_contains_paid_content":false,"footnotes":""},"categories":[1],"tags":[],"class_list":["post-4264","post","type-post","status-publish","format-standard","has-post-thumbnail","hentry","category-allgemein"],"jetpack_sharing_enabled":true,"jetpack_featured_media_url":"https:\/\/sv-koerne83.de\/wordpress\/wp-content\/uploads\/2026\/04\/SVK_Spieltagsankuendigung_2025_2026_Derby-scaled.jpg","_links":{"self":[{"href":"https:\/\/sv-koerne83.de\/wordpress\/wp-json\/wp\/v2\/posts\/4264","targetHints":{"allow":["GET"]}}],"collection":[{"href":"https:\/\/sv-koerne83.de\/wordpress\/wp-json\/wp\/v2\/posts"}],"about":[{"href":"https:\/\/sv-koerne83.de\/wordpress\/wp-json\/wp\/v2\/types\/post"}],"author":[{"embeddable":true,"href":"https:\/\/sv-koerne83.de\/wordpress\/wp-json\/wp\/v2\/users\/2"}],"replies":[{"embeddable":true,"href":"https:\/\/sv-koerne83.de\/wordpress\/wp-json\/wp\/v2\/comments?post=4264"}],"version-history":[{"count":1,"href":"https:\/\/sv-koerne83.de\/wordpress\/wp-json\/wp\/v2\/posts\/4264\/revisions"}],"predecessor-version":[{"id":4266,"href":"https:\/\/sv-koerne83.de\/wordpress\/wp-json\/wp\/v2\/posts\/4264\/revisions\/4266"}],"wp:featuredmedia":[{"embeddable":true,"href":"https:\/\/sv-koerne83.de\/wordpress\/wp-json\/wp\/v2\/media\/4265"}],"wp:attachment":[{"href":"https:\/\/sv-koerne83.de\/wordpress\/wp-json\/wp\/v2\/media?parent=4264"}],"wp:term":[{"taxonomy":"category","embeddable":true,"href":"https:\/\/sv-koerne83.de\/wordpress\/wp-json\/wp\/v2\/categories?post=4264"},{"taxonomy":"post_tag","embeddable":true,"href":"https:\/\/sv-koerne83.de\/wordpress\/wp-json\/wp\/v2\/tags?post=4264"}],"curies":[{"name":"wp","href":"https:\/\/api.w.org\/{rel}","templated":true}]}}