{"id":4267,"date":"2026-04-11T06:33:59","date_gmt":"2026-04-11T04:33:59","guid":{"rendered":"https:\/\/sv-koerne83.de\/wordpress\/?p=4267"},"modified":"2026-04-11T06:34:01","modified_gmt":"2026-04-11T04:34:01","slug":"d1-jugend-steht-in-der-endrunde-der-hallenstadtmeisterschaft","status":"publish","type":"post","link":"https:\/\/sv-koerne83.de\/wordpress\/2026\/04\/11\/d1-jugend-steht-in-der-endrunde-der-hallenstadtmeisterschaft\/","title":{"rendered":"D1-Jugend steht in der Endrunde der Hallenstadtmeisterschaft"},"content":{"rendered":"\n<p>Unsere D1-Jugend hat es geschafft: Am kommenden Sonntag tritt das Team von Trainer Christian Karsten in der Endrunde der diesj\u00e4hrigen Hallenstadtmeisterschaft der Jugend an.<\/p>\n\n\n\n<p>Mit einer starken Leistung in der Vorrunde qualifizierte sich die Mannschaft souver\u00e4n und ohne Punktverlust f\u00fcr die Finalrunde. Nun wartet jedoch eine echte Herausforderung auf das Team, denn die Gruppe hat es in sich: Mit den Bezirksligisten TSC Eintracht Dortmund und FC Br\u00fcnninghausen sowie dem L\u00fcner SV trifft unsere D1 auf hochkar\u00e4tige Gegner.<\/p>\n\n\n\n<p>Austragungsort ist die Sporthalle in Brackel. F\u00fcr unsere Jungs geht es direkt zur Sache \u2013 das erste Spiel wird um 12:00 Uhr angepfiffen.<\/p>\n\n\n\n<p>Die Mannschaft freut sich auf spannende Spiele und hofft auf zahlreiche und lautstarke Unterst\u00fctzung von den R\u00e4ngen. Kommt vorbei und unterst\u00fctzt unsere D1 auf ihrem Weg durch die Endrunde!<\/p>\n\n\n\n<p><strong>Auf geht\u2019s, Jungs!<\/strong><\/p>\n","protected":false},"excerpt":{"rendered":"<p>Unsere D1-Jugend hat es geschafft: Am kommenden Sonntag tritt das Team von Trainer Christian Karsten in der Endrunde der diesj\u00e4hrigen Hallenstadtmeisterschaft der Jugend an. Mit einer starken Leistung in der [&hellip;]<\/p>\n","protected":false},"author":2,"featured_media":4268,"comment_status":"closed","ping_status":"open","sticky":false,"template":"","format":"standard","meta":{"_jetpack_memberships_contains_paid_content":false,"footnotes":""},"categories":[1],"tags":[],"class_list":["post-4267","post","type-post","status-publish","format-standard","has-post-thumbnail","hentry","category-allgemein"],"jetpack_sharing_enabled":true,"jetpack_featured_media_url":"https:\/\/sv-koerne83.de\/wordpress\/wp-content\/uploads\/2026\/04\/Endrunde-HSMD1_2026.png","_links":{"self":[{"href":"https:\/\/sv-koerne83.de\/wordpress\/wp-json\/wp\/v2\/posts\/4267","targetHints":{"allow":["GET"]}}],"collection":[{"href":"https:\/\/sv-koerne83.de\/wordpress\/wp-json\/wp\/v2\/posts"}],"about":[{"href":"https:\/\/sv-koerne83.de\/wordpress\/wp-json\/wp\/v2\/types\/post"}],"author":[{"embeddable":true,"href":"https:\/\/sv-koerne83.de\/wordpress\/wp-json\/wp\/v2\/users\/2"}],"replies":[{"embeddable":true,"href":"https:\/\/sv-koerne83.de\/wordpress\/wp-json\/wp\/v2\/comments?post=4267"}],"version-history":[{"count":1,"href":"https:\/\/sv-koerne83.de\/wordpress\/wp-json\/wp\/v2\/posts\/4267\/revisions"}],"predecessor-version":[{"id":4269,"href":"https:\/\/sv-koerne83.de\/wordpress\/wp-json\/wp\/v2\/posts\/4267\/revisions\/4269"}],"wp:featuredmedia":[{"embeddable":true,"href":"https:\/\/sv-koerne83.de\/wordpress\/wp-json\/wp\/v2\/media\/4268"}],"wp:attachment":[{"href":"https:\/\/sv-koerne83.de\/wordpress\/wp-json\/wp\/v2\/media?parent=4267"}],"wp:term":[{"taxonomy":"category","embeddable":true,"href":"https:\/\/sv-koerne83.de\/wordpress\/wp-json\/wp\/v2\/categories?post=4267"},{"taxonomy":"post_tag","embeddable":true,"href":"https:\/\/sv-koerne83.de\/wordpress\/wp-json\/wp\/v2\/tags?post=4267"}],"curies":[{"name":"wp","href":"https:\/\/api.w.org\/{rel}","templated":true}]}}