{"id":4291,"date":"2026-04-23T06:50:07","date_gmt":"2026-04-23T04:50:07","guid":{"rendered":"https:\/\/sv-koerne83.de\/wordpress\/?p=4291"},"modified":"2026-04-23T06:50:08","modified_gmt":"2026-04-23T04:50:08","slug":"erste-mannschaft-trifft-auf-berghofen","status":"publish","type":"post","link":"https:\/\/sv-koerne83.de\/wordpress\/2026\/04\/23\/erste-mannschaft-trifft-auf-berghofen\/","title":{"rendered":"Erste Mannschaft trifft auf Berghofen"},"content":{"rendered":"\n<p>Am kommenden Sonntag steht f\u00fcr unsere 1. Mannschaft wieder ein Heimspiel an. Zu Gast im Affenk\u00e4fig ist der SV Berghofen.<\/p>\n\n\n\n<p>Nach der knappen 0:1-Ausw\u00e4rtsniederlage am vergangenen Spieltag wollen unsere Jungs nun eine Reaktion zeigen. Um die Position in der Spitzengruppe zu behaupten, ist ein Heimsieg erforderlich.<\/p>\n\n\n\n<p>Mit dem SV Berghofen wartet jedoch ein unangenehmer Gegner. Die G\u00e4ste stehen aktuell auf dem 12. Tabellenplatz, konnten zuletzt aber aufhorchen lassen: Gegen den Tabellenf\u00fchrer SG Gahmen musste man sich nur knapp mit 2:3 geschlagen geben.<\/p>\n\n\n\n<p>Unsere Mannschaft wird also von Beginn an konzentriert auftreten m\u00fcssen, um die drei Punkte am Winkelriedweg zu behalten.<\/p>\n\n\n\n<p>Ansto\u00df ist am Sonntag um 15:15 Uhr im heimischen Affenk\u00e4fig. Kommt vorbei und unterst\u00fctzt unser Team! <\/p>\n","protected":false},"excerpt":{"rendered":"<p>Am kommenden Sonntag steht f\u00fcr unsere 1. Mannschaft wieder ein Heimspiel an. Zu Gast im Affenk\u00e4fig ist der SV Berghofen. Nach der knappen 0:1-Ausw\u00e4rtsniederlage am vergangenen Spieltag wollen unsere Jungs [&hellip;]<\/p>\n","protected":false},"author":2,"featured_media":4290,"comment_status":"closed","ping_status":"open","sticky":false,"template":"","format":"standard","meta":{"_jetpack_memberships_contains_paid_content":false,"footnotes":""},"categories":[1],"tags":[],"class_list":["post-4291","post","type-post","status-publish","format-standard","has-post-thumbnail","hentry","category-allgemein"],"jetpack_sharing_enabled":true,"jetpack_featured_media_url":"https:\/\/sv-koerne83.de\/wordpress\/wp-content\/uploads\/2026\/04\/SVK_Spieltagsankuendigung_2025_2026_Erste_SVB_SM-scaled.jpg","_links":{"self":[{"href":"https:\/\/sv-koerne83.de\/wordpress\/wp-json\/wp\/v2\/posts\/4291","targetHints":{"allow":["GET"]}}],"collection":[{"href":"https:\/\/sv-koerne83.de\/wordpress\/wp-json\/wp\/v2\/posts"}],"about":[{"href":"https:\/\/sv-koerne83.de\/wordpress\/wp-json\/wp\/v2\/types\/post"}],"author":[{"embeddable":true,"href":"https:\/\/sv-koerne83.de\/wordpress\/wp-json\/wp\/v2\/users\/2"}],"replies":[{"embeddable":true,"href":"https:\/\/sv-koerne83.de\/wordpress\/wp-json\/wp\/v2\/comments?post=4291"}],"version-history":[{"count":2,"href":"https:\/\/sv-koerne83.de\/wordpress\/wp-json\/wp\/v2\/posts\/4291\/revisions"}],"predecessor-version":[{"id":4293,"href":"https:\/\/sv-koerne83.de\/wordpress\/wp-json\/wp\/v2\/posts\/4291\/revisions\/4293"}],"wp:featuredmedia":[{"embeddable":true,"href":"https:\/\/sv-koerne83.de\/wordpress\/wp-json\/wp\/v2\/media\/4290"}],"wp:attachment":[{"href":"https:\/\/sv-koerne83.de\/wordpress\/wp-json\/wp\/v2\/media?parent=4291"}],"wp:term":[{"taxonomy":"category","embeddable":true,"href":"https:\/\/sv-koerne83.de\/wordpress\/wp-json\/wp\/v2\/categories?post=4291"},{"taxonomy":"post_tag","embeddable":true,"href":"https:\/\/sv-koerne83.de\/wordpress\/wp-json\/wp\/v2\/tags?post=4291"}],"curies":[{"name":"wp","href":"https:\/\/api.w.org\/{rel}","templated":true}]}}