{"id":4302,"date":"2026-05-08T08:59:28","date_gmt":"2026-05-08T06:59:28","guid":{"rendered":"https:\/\/sv-koerne83.de\/wordpress\/?p=4302"},"modified":"2026-05-08T08:59:29","modified_gmt":"2026-05-08T06:59:29","slug":"heimspiel-gegen-wickede-qualifikation-fuer-die-dortmund-liga","status":"publish","type":"post","link":"https:\/\/sv-koerne83.de\/wordpress\/2026\/05\/08\/heimspiel-gegen-wickede-qualifikation-fuer-die-dortmund-liga\/","title":{"rendered":"Heimspiel gegen Wickede &#8211; Qualifikation f\u00fcr die Dortmund Liga"},"content":{"rendered":"\n<p>Am Sonntag steht f\u00fcr unsere 1. Mannschaft das n\u00e4chste wichtige Heimspiel an. Zu Gast im heimischen Affenk\u00e4fig ist Westfalia Wickede.<\/p>\n\n\n\n<p>Das vergangene Ausw\u00e4rtsspiel bei Alemannia Scharnhorst wurde sportlich zwar mit 0:2 verloren, jedoch im Nachgang aufgrund des Einsatzes eines gesperrten Spielers am gr\u00fcnen Tisch mit 2:0 f\u00fcr unsere Mannschaft gewertet. Damit hat sich unser Team vorzeitig f\u00fcr die kommende Dortmund Liga qualifiziert.<\/p>\n\n\n\n<p>Mit einem Heimsieg gegen Westfalia Wickede k\u00f6nnte unsere Mannschaft nun einen gro\u00dfen Schritt in Richtung Tabellenplatz 2 machen. Die G\u00e4ste aus Wickede reisen allerdings ebenfalls mit einer klaren Zielsetzung an: Als aktueller Tabellenneunter ben\u00f6tigt die Westfalia dringend Punkte, um weiter im Rennen um die Qualifikation zur Dortmund Liga zu bleiben.<\/p>\n\n\n\n<p>Es ist also alles angerichtet f\u00fcr ein spannendes und intensives Spiel am Winkelriedweg. Ansto\u00df ist um 15.15 Uhr. Unsere Jungs freuen sich auf eure Unterst\u00fctzung!<\/p>\n","protected":false},"excerpt":{"rendered":"<p>Am Sonntag steht f\u00fcr unsere 1. Mannschaft das n\u00e4chste wichtige Heimspiel an. Zu Gast im heimischen Affenk\u00e4fig ist Westfalia Wickede. Das vergangene Ausw\u00e4rtsspiel bei Alemannia Scharnhorst wurde sportlich zwar mit [&hellip;]<\/p>\n","protected":false},"author":2,"featured_media":4303,"comment_status":"closed","ping_status":"open","sticky":false,"template":"","format":"standard","meta":{"_jetpack_memberships_contains_paid_content":false,"footnotes":""},"categories":[1],"tags":[],"class_list":["post-4302","post","type-post","status-publish","format-standard","has-post-thumbnail","hentry","category-allgemein"],"jetpack_sharing_enabled":true,"jetpack_featured_media_url":"https:\/\/sv-koerne83.de\/wordpress\/wp-content\/uploads\/2026\/05\/SVK_Spieltagsankuendigung_2025_2026_HP-erstewickede-scaled.jpg","_links":{"self":[{"href":"https:\/\/sv-koerne83.de\/wordpress\/wp-json\/wp\/v2\/posts\/4302","targetHints":{"allow":["GET"]}}],"collection":[{"href":"https:\/\/sv-koerne83.de\/wordpress\/wp-json\/wp\/v2\/posts"}],"about":[{"href":"https:\/\/sv-koerne83.de\/wordpress\/wp-json\/wp\/v2\/types\/post"}],"author":[{"embeddable":true,"href":"https:\/\/sv-koerne83.de\/wordpress\/wp-json\/wp\/v2\/users\/2"}],"replies":[{"embeddable":true,"href":"https:\/\/sv-koerne83.de\/wordpress\/wp-json\/wp\/v2\/comments?post=4302"}],"version-history":[{"count":2,"href":"https:\/\/sv-koerne83.de\/wordpress\/wp-json\/wp\/v2\/posts\/4302\/revisions"}],"predecessor-version":[{"id":4305,"href":"https:\/\/sv-koerne83.de\/wordpress\/wp-json\/wp\/v2\/posts\/4302\/revisions\/4305"}],"wp:featuredmedia":[{"embeddable":true,"href":"https:\/\/sv-koerne83.de\/wordpress\/wp-json\/wp\/v2\/media\/4303"}],"wp:attachment":[{"href":"https:\/\/sv-koerne83.de\/wordpress\/wp-json\/wp\/v2\/media?parent=4302"}],"wp:term":[{"taxonomy":"category","embeddable":true,"href":"https:\/\/sv-koerne83.de\/wordpress\/wp-json\/wp\/v2\/categories?post=4302"},{"taxonomy":"post_tag","embeddable":true,"href":"https:\/\/sv-koerne83.de\/wordpress\/wp-json\/wp\/v2\/tags?post=4302"}],"curies":[{"name":"wp","href":"https:\/\/api.w.org\/{rel}","templated":true}]}}