{"id":4307,"date":"2026-05-13T10:08:59","date_gmt":"2026-05-13T08:08:59","guid":{"rendered":"https:\/\/sv-koerne83.de\/wordpress\/?p=4307"},"modified":"2026-05-13T10:09:00","modified_gmt":"2026-05-13T08:09:00","slug":"trotz-rueckschlaegen-weiter-vollgas-1-mannschaft-gastiert-beim-dorstfelder-sc-ii","status":"publish","type":"post","link":"https:\/\/sv-koerne83.de\/wordpress\/2026\/05\/13\/trotz-rueckschlaegen-weiter-vollgas-1-mannschaft-gastiert-beim-dorstfelder-sc-ii\/","title":{"rendered":"Trotz R\u00fcckschl\u00e4gen weiter Vollgas: 1. Mannschaft gastiert beim Dorstfelder SC II"},"content":{"rendered":"\n<p>Nach drei sportlichen Niederlagen aus den letzten vier Spielen steht f\u00fcr unsere 1. Mannschaft am Sonntag das n\u00e4chste schwere Ausw\u00e4rtsspiel an. Gegner ist die Zweitvertretung des Dorstfelder SC.<\/p>\n\n\n\n<p>Vor allem die 2:4-Heimniederlage gegen Westfalia Wickede am vergangenen Wochenende war ein sp\u00fcrbarer D\u00e4mpfer im Rennen um den 2. Tabellenplatz. Dennoch will unsere Mannschaft in den verbleibenden Spielen weiterhin alles investieren, um sich die Chance auf das m\u00f6gliche Relegationsspiel zu erhalten.<\/p>\n\n\n\n<p>Bei aller Entt\u00e4uschung darf jedoch nicht vergessen werden, welche starke Saison unsere Jungs bislang spielen. Schon jetzt steht fest: Es ist die erfolgreichste Spielzeit der Vereinsgeschichte. Noch nie konnte unsere 1. Mannschaft eine bessere Platzierung erreichen. Nun gilt es zumindest den 3. Tabellenplatz zu sichern \u2013 und damit weiterhin die klare Nummer 1 in K\u00f6rne zu bleiben.<\/p>\n\n\n\n<p>Mit dem Dorstfelder SC II wartet dabei eine anspruchsvolle Aufgabe. Die Gastgeber stehen aktuell auf dem 6. Tabellenplatz und k\u00e4mpfen selbst noch um die Qualifikation f\u00fcr die Dortmund Liga. Entsprechend gro\u00df wird die Motivation der Dorstfelder sein. Auch das Hinspiel d\u00fcrfte unserer Mannschaft noch in Erinnerung sein \u2013 damals musste man sich deutlich mit 1:4 geschlagen geben.<\/p>\n\n\n\n<p>Ansto\u00df ist am Sonntag um 15:00 Uhr auf dem Sportplatz Bummelberg. Unsere Mannschaft freut sich auf jede Unterst\u00fctzung! <\/p>\n","protected":false},"excerpt":{"rendered":"<p>Nach drei sportlichen Niederlagen aus den letzten vier Spielen steht f\u00fcr unsere 1. Mannschaft am Sonntag das n\u00e4chste schwere Ausw\u00e4rtsspiel an. Gegner ist die Zweitvertretung des Dorstfelder SC. Vor allem [&hellip;]<\/p>\n","protected":false},"author":2,"featured_media":4308,"comment_status":"closed","ping_status":"open","sticky":false,"template":"","format":"standard","meta":{"_jetpack_memberships_contains_paid_content":false,"footnotes":""},"categories":[1],"tags":[],"class_list":["post-4307","post","type-post","status-publish","format-standard","has-post-thumbnail","hentry","category-allgemein"],"jetpack_sharing_enabled":true,"jetpack_featured_media_url":"https:\/\/sv-koerne83.de\/wordpress\/wp-content\/uploads\/2026\/05\/SVK_Spieltagsankuendigung_2025_2026_ersteDorstfeld-scaled.jpg","_links":{"self":[{"href":"https:\/\/sv-koerne83.de\/wordpress\/wp-json\/wp\/v2\/posts\/4307","targetHints":{"allow":["GET"]}}],"collection":[{"href":"https:\/\/sv-koerne83.de\/wordpress\/wp-json\/wp\/v2\/posts"}],"about":[{"href":"https:\/\/sv-koerne83.de\/wordpress\/wp-json\/wp\/v2\/types\/post"}],"author":[{"embeddable":true,"href":"https:\/\/sv-koerne83.de\/wordpress\/wp-json\/wp\/v2\/users\/2"}],"replies":[{"embeddable":true,"href":"https:\/\/sv-koerne83.de\/wordpress\/wp-json\/wp\/v2\/comments?post=4307"}],"version-history":[{"count":2,"href":"https:\/\/sv-koerne83.de\/wordpress\/wp-json\/wp\/v2\/posts\/4307\/revisions"}],"predecessor-version":[{"id":4310,"href":"https:\/\/sv-koerne83.de\/wordpress\/wp-json\/wp\/v2\/posts\/4307\/revisions\/4310"}],"wp:featuredmedia":[{"embeddable":true,"href":"https:\/\/sv-koerne83.de\/wordpress\/wp-json\/wp\/v2\/media\/4308"}],"wp:attachment":[{"href":"https:\/\/sv-koerne83.de\/wordpress\/wp-json\/wp\/v2\/media?parent=4307"}],"wp:term":[{"taxonomy":"category","embeddable":true,"href":"https:\/\/sv-koerne83.de\/wordpress\/wp-json\/wp\/v2\/categories?post=4307"},{"taxonomy":"post_tag","embeddable":true,"href":"https:\/\/sv-koerne83.de\/wordpress\/wp-json\/wp\/v2\/tags?post=4307"}],"curies":[{"name":"wp","href":"https:\/\/api.w.org\/{rel}","templated":true}]}}