{"id":4312,"date":"2026-05-20T08:03:14","date_gmt":"2026-05-20T06:03:14","guid":{"rendered":"https:\/\/sv-koerne83.de\/wordpress\/?p=4312"},"modified":"2026-05-20T08:08:50","modified_gmt":"2026-05-20T06:08:50","slug":"b1-jugend-steigt-in-die-sonderklasse-auf","status":"publish","type":"post","link":"https:\/\/sv-koerne83.de\/wordpress\/2026\/05\/20\/b1-jugend-steigt-in-die-sonderklasse-auf\/","title":{"rendered":"B1-Jugend steigt in die Sonderklasse auf"},"content":{"rendered":"\n<p>Unsere B1-Jugend hat den Aufstieg in die Sonderklasse perfekt gemacht! Durch den Nichtantritt der Sportfreunde Nette wurde das Spiel mit 2:0 f\u00fcr unsere Mannschaft gewertet. Damit steht nun auch rechnerisch der Aufstieg in die Sonderklasse fest.<\/p>\n\n\n\n<p>Mit diesem Erfolg kr\u00f6nt die Mannschaft eine starke Saison. Aktuell steht die B1 punktgleich mit Hellweg L\u00fctgendortmund an der Tabellenspitze. Da die ersten beiden Pl\u00e4tze den Aufstieg bedeuten, ist beiden Teams der Sprung in die Sonderklasse nicht mehr zu nehmen. Damit zieht die B1-Jugend der bereits in der Sonderklasse spielenden D1-Jugend nach.<\/p>\n\n\n\n<p>Trainer <strong>Tommi Meier<\/strong> zeigte sich stolz auf seine Mannschaft:<\/p>\n\n\n\n<blockquote class=\"wp-block-quote is-layout-flow wp-block-quote-is-layout-flow\">\n<p><em>\u201eMit gro\u00dfem Einsatz, Teamgeist und Mentalit\u00e4t hat sich die Mannschaft den Aufstieg absolut verdient.\u201c<\/em><\/p>\n<\/blockquote>\n\n\n\n<p>Bereits in der Qualifikationsrunde zeigte das Team sein gro\u00dfes Potenzial und beendete diese ohne Niederlage auf Platz 1. Auch in Freundschaftsspielen gegen klassenh\u00f6here Gegner \u00fcberzeugte die Mannschaft mit starken Leistungen und sammelte zus\u00e4tzliches Selbstvertrauen.<\/p>\n\n\n\n<p>Ein weiteres Highlight war das Pokal-Achtelfinale gegen einen Bezirksligisten. Nach gro\u00dfem Kampf musste sich die Mannschaft erst im Elfmeterschie\u00dfen geschlagen geben und bewies dabei erneut ihren starken Charakter.<\/p>\n\n\n\n<p>In der Meisterschaft entwickelte sich ein spannender Kampf um die Tabellenspitze. Besonders bemerkenswert: Die Mannschaft musste bislang nur eine einzige Niederlage hinnehmen \u2013 gegen den aktuellen Tabellenf\u00fchrer. Im R\u00fcckspiel gelang ein verdientes Unentschieden.<\/p>\n\n\n\n<p>Durch viele starke Leistungen erspielte sich das Team im Laufe der R\u00fcckrunde einen gro\u00dfen Vorsprung auf die Verfolger. Vier Spieltage vor Saisonende betrug der Abstand auf Platz drei bereits elf Punkte.<\/p>\n\n\n\n<p>Vor allem in schwierigen Spielen zeigte die Mannschaft gro\u00dfe Mentalit\u00e4t, Zusammenhalt und Ruhe. Viele Siege wurden durch Einsatzwillen und mannschaftliche Geschlossenheit eingefahren.<\/p>\n\n\n\n<p>Zum Abschluss bedankte sich Tommi Meier bei allen Unterst\u00fctzern:<\/p>\n\n\n\n<blockquote class=\"wp-block-quote is-layout-flow wp-block-quote-is-layout-flow\">\n<p><em>\u201eEin gro\u00dfer Dank gilt allen Eltern, Zuschauern, Unterst\u00fctzern und dem Verein, die die Mannschaft \u00fcber die gesamte Saison begleitet haben.\u201c<\/em><\/p>\n<\/blockquote>\n\n\n\n<p>Der gesamte Verein gratuliert der Mannschaft und dem Trainer herzlich zum verdienten Aufstieg in die Sonderklasse.<\/p>\n","protected":false},"excerpt":{"rendered":"<p>Unsere B1-Jugend hat den Aufstieg in die Sonderklasse perfekt gemacht! Durch den Nichtantritt der Sportfreunde Nette wurde das Spiel mit 2:0 f\u00fcr unsere Mannschaft gewertet. Damit steht nun auch rechnerisch [&hellip;]<\/p>\n","protected":false},"author":2,"featured_media":4314,"comment_status":"closed","ping_status":"open","sticky":false,"template":"","format":"standard","meta":{"_jetpack_memberships_contains_paid_content":false,"footnotes":""},"categories":[1],"tags":[],"class_list":["post-4312","post","type-post","status-publish","format-standard","has-post-thumbnail","hentry","category-allgemein"],"jetpack_sharing_enabled":true,"jetpack_featured_media_url":"https:\/\/sv-koerne83.de\/wordpress\/wp-content\/uploads\/2026\/05\/B1-Aufstieg-scaled.jpg","_links":{"self":[{"href":"https:\/\/sv-koerne83.de\/wordpress\/wp-json\/wp\/v2\/posts\/4312","targetHints":{"allow":["GET"]}}],"collection":[{"href":"https:\/\/sv-koerne83.de\/wordpress\/wp-json\/wp\/v2\/posts"}],"about":[{"href":"https:\/\/sv-koerne83.de\/wordpress\/wp-json\/wp\/v2\/types\/post"}],"author":[{"embeddable":true,"href":"https:\/\/sv-koerne83.de\/wordpress\/wp-json\/wp\/v2\/users\/2"}],"replies":[{"embeddable":true,"href":"https:\/\/sv-koerne83.de\/wordpress\/wp-json\/wp\/v2\/comments?post=4312"}],"version-history":[{"count":3,"href":"https:\/\/sv-koerne83.de\/wordpress\/wp-json\/wp\/v2\/posts\/4312\/revisions"}],"predecessor-version":[{"id":4316,"href":"https:\/\/sv-koerne83.de\/wordpress\/wp-json\/wp\/v2\/posts\/4312\/revisions\/4316"}],"wp:featuredmedia":[{"embeddable":true,"href":"https:\/\/sv-koerne83.de\/wordpress\/wp-json\/wp\/v2\/media\/4314"}],"wp:attachment":[{"href":"https:\/\/sv-koerne83.de\/wordpress\/wp-json\/wp\/v2\/media?parent=4312"}],"wp:term":[{"taxonomy":"category","embeddable":true,"href":"https:\/\/sv-koerne83.de\/wordpress\/wp-json\/wp\/v2\/categories?post=4312"},{"taxonomy":"post_tag","embeddable":true,"href":"https:\/\/sv-koerne83.de\/wordpress\/wp-json\/wp\/v2\/tags?post=4312"}],"curies":[{"name":"wp","href":"https:\/\/api.w.org\/{rel}","templated":true}]}}