{"id":4317,"date":"2026-05-21T05:58:02","date_gmt":"2026-05-21T03:58:02","guid":{"rendered":"https:\/\/sv-koerne83.de\/wordpress\/?p=4317"},"modified":"2026-05-21T05:58:03","modified_gmt":"2026-05-21T03:58:03","slug":"c1-empfaengt-tuerkspor-dortmund-zum-naechsten-topspiel","status":"publish","type":"post","link":"https:\/\/sv-koerne83.de\/wordpress\/2026\/05\/21\/c1-empfaengt-tuerkspor-dortmund-zum-naechsten-topspiel\/","title":{"rendered":"C1 empf\u00e4ngt T\u00fcrkspor Dortmund zum n\u00e4chsten Topspiel"},"content":{"rendered":"\n<p>F\u00fcr unsere C1-Jugend steht am Samstag das n\u00e4chste richtungsweisende Spiel in der Aufstiegsrunde an. Im heimischen \u201eAffenk\u00e4fig\u201c empf\u00e4ngt das Team von Trainer <strong>Andi Lorenz<\/strong> den direkten Konkurrenten T\u00fcrkspor Dortmund. Ansto\u00df ist um 13:00 Uhr.<\/p>\n\n\n\n<p>Die Tabellensituation verspricht dabei maximale Spannung:<\/p>\n\n\n\n<ol class=\"wp-block-list\">\n<li>FC Wellinghofen \u2013 17 Spiele \/ 41 Punkte<\/li>\n\n\n\n<li>Kirchh\u00f6rder SC II \u2013 17 Spiele \/ 41 Punkte<\/li>\n\n\n\n<li>SV K\u00f6rne 83 \u2013 17 Spiele \/ 40 Punkte<\/li>\n\n\n\n<li>T\u00fcrkspor Dortmund \u2013 17 Spiele \/ 39 Punkte<\/li>\n<\/ol>\n\n\n\n<p>F\u00fcr unsere C1 ist die Partie eine der letzten gro\u00dfen Chancen, noch einmal entscheidend in den Kampf um den Aufstieg in die Sonderklasse einzugreifen. Mit einem Heimsieg k\u00f6nnte unsere Mannschaft weiter Druck auf das Spitzenduo aus\u00fcben und gleichzeitig einen direkten Konkurrenten auf Distanz halten.<\/p>\n\n\n\n<p>T\u00fcrkspor Dortmund reist nach einer Niederlage an den Winkelriedweg an. Im vergangenen Spiel musste sich die Mannschaft vom Mendeplatz mit 3:5 geschlagen geben und wird nun sicherlich auf eine schnelle Reaktion aus sein.<\/p>\n\n\n\n<p>Unsere Jungs werden alles investieren, um die drei Punkte im heimischen Affenk\u00e4fig zu behalten und den Traum von der Sonderklasse weiter am Leben zu halten. Die Zuschauer d\u00fcrfen sich auf ein intensives und hochklassiges Spiel zweier Topteams freuen.<\/p>\n\n\n\n<p>Kommt vorbei und unterst\u00fctzt unsere C1 lautstark!<\/p>\n","protected":false},"excerpt":{"rendered":"<p>F\u00fcr unsere C1-Jugend steht am Samstag das n\u00e4chste richtungsweisende Spiel in der Aufstiegsrunde an. Im heimischen \u201eAffenk\u00e4fig\u201c empf\u00e4ngt das Team von Trainer Andi Lorenz den direkten Konkurrenten T\u00fcrkspor Dortmund. Ansto\u00df [&hellip;]<\/p>\n","protected":false},"author":2,"featured_media":4318,"comment_status":"closed","ping_status":"open","sticky":false,"template":"","format":"standard","meta":{"_jetpack_memberships_contains_paid_content":false,"footnotes":""},"categories":[1],"tags":[],"class_list":["post-4317","post","type-post","status-publish","format-standard","has-post-thumbnail","hentry","category-allgemein"],"jetpack_sharing_enabled":true,"jetpack_featured_media_url":"https:\/\/sv-koerne83.de\/wordpress\/wp-content\/uploads\/2026\/05\/SVK_Spieltagsankuendigung_2025_2026_C1-tuerkspor-scaled.jpg","_links":{"self":[{"href":"https:\/\/sv-koerne83.de\/wordpress\/wp-json\/wp\/v2\/posts\/4317","targetHints":{"allow":["GET"]}}],"collection":[{"href":"https:\/\/sv-koerne83.de\/wordpress\/wp-json\/wp\/v2\/posts"}],"about":[{"href":"https:\/\/sv-koerne83.de\/wordpress\/wp-json\/wp\/v2\/types\/post"}],"author":[{"embeddable":true,"href":"https:\/\/sv-koerne83.de\/wordpress\/wp-json\/wp\/v2\/users\/2"}],"replies":[{"embeddable":true,"href":"https:\/\/sv-koerne83.de\/wordpress\/wp-json\/wp\/v2\/comments?post=4317"}],"version-history":[{"count":1,"href":"https:\/\/sv-koerne83.de\/wordpress\/wp-json\/wp\/v2\/posts\/4317\/revisions"}],"predecessor-version":[{"id":4319,"href":"https:\/\/sv-koerne83.de\/wordpress\/wp-json\/wp\/v2\/posts\/4317\/revisions\/4319"}],"wp:featuredmedia":[{"embeddable":true,"href":"https:\/\/sv-koerne83.de\/wordpress\/wp-json\/wp\/v2\/media\/4318"}],"wp:attachment":[{"href":"https:\/\/sv-koerne83.de\/wordpress\/wp-json\/wp\/v2\/media?parent=4317"}],"wp:term":[{"taxonomy":"category","embeddable":true,"href":"https:\/\/sv-koerne83.de\/wordpress\/wp-json\/wp\/v2\/categories?post=4317"},{"taxonomy":"post_tag","embeddable":true,"href":"https:\/\/sv-koerne83.de\/wordpress\/wp-json\/wp\/v2\/tags?post=4317"}],"curies":[{"name":"wp","href":"https:\/\/api.w.org\/{rel}","templated":true}]}}