{"id":4320,"date":"2026-05-22T05:58:16","date_gmt":"2026-05-22T03:58:16","guid":{"rendered":"https:\/\/sv-koerne83.de\/wordpress\/?p=4320"},"modified":"2026-05-22T05:58:17","modified_gmt":"2026-05-22T03:58:17","slug":"letzte-heimchance-im-aufstiegsrennen-sv-koerne-empfaengt-sc-husen-kurl","status":"publish","type":"post","link":"https:\/\/sv-koerne83.de\/wordpress\/2026\/05\/22\/letzte-heimchance-im-aufstiegsrennen-sv-koerne-empfaengt-sc-husen-kurl\/","title":{"rendered":"Letzte Heimchance im Aufstiegsrennen: SV K\u00f6rne empf\u00e4ngt SC Husen-Kurl"},"content":{"rendered":"\n<p>Nach der deutlichen 0:4-Ausw\u00e4rtsniederlage beim Dorstfelder SC II steht f\u00fcr unsere 1. Mannschaft am Pfingstmontag das letzte Heimspiel der Saison an. Zu Gast im heimischen Affenk\u00e4fig ist der SC Husen-Kurl.<\/p>\n\n\n\n<p>Durch die Niederlage am vergangenen Wochenende kann das Team von Trainer Viktor Pusch den 2. Tabellenplatz nun nicht mehr aus eigener Kraft erreichen. Um die Chance auf das m\u00f6gliche Relegationsspiel am Leben zu halten, m\u00fcssen aus den verbleibenden zwei Partien zwingend sechs Punkte her \u2013 gleichzeitig ist man auf einen Ausrutscher des H\u00f6rder SC angewiesen.<\/p>\n\n\n\n<p>Mit dem SC Husen-Kurl trifft unsere Mannschaft auf einen Gegner, der aktuell den 11. Tabellenplatz belegt und die Qualifikation zur Dortmund Liga nicht mehr erreichen kann. Passend zur aktuellen sportlichen Situation beider Teams titelte fussball.de das Duell bereits als \u201eKr\u00e4ftemessen der Formschwachen\u201c. Sowohl unsere Jungs als auch Husen-Kurl verloren sportlich vier der letzten f\u00fcnf Spiele.<\/p>\n\n\n\n<p>Dennoch bietet die Partie einige besondere Geschichten: Tomas Rucinskas f\u00fchrt weiterhin die Torsch\u00fctzenliste der Liga an und hat die M\u00f6glichkeit, seinen Vorsprung weiter auszubauen. Gleichzeitig wird es sein letztes Heimspiel im Trikot des SV K\u00f6rne sein, bevor er im Sommer zum VfR S\u00f6lde wechselt.<\/p>\n\n\n\n<p>Unsere Mannschaft will sich im letzten Heimspiel der Saison noch einmal mit einer starken Leistung pr\u00e4sentieren und gemeinsam mit den Fans einen erfolgreichen Pfingstmontag erleben.<\/p>\n\n\n\n<p>Ansto\u00df ist um 15:15 Uhr im heimischen Affenk\u00e4fig am Winkelriedweg.<\/p>\n","protected":false},"excerpt":{"rendered":"<p>Nach der deutlichen 0:4-Ausw\u00e4rtsniederlage beim Dorstfelder SC II steht f\u00fcr unsere 1. Mannschaft am Pfingstmontag das letzte Heimspiel der Saison an. Zu Gast im heimischen Affenk\u00e4fig ist der SC Husen-Kurl. [&hellip;]<\/p>\n","protected":false},"author":2,"featured_media":4321,"comment_status":"closed","ping_status":"open","sticky":false,"template":"","format":"standard","meta":{"_jetpack_memberships_contains_paid_content":false,"footnotes":""},"categories":[1],"tags":[],"class_list":["post-4320","post","type-post","status-publish","format-standard","has-post-thumbnail","hentry","category-allgemein"],"jetpack_sharing_enabled":true,"jetpack_featured_media_url":"https:\/\/sv-koerne83.de\/wordpress\/wp-content\/uploads\/2026\/05\/SVK_Spieltagsankuendigung_2025_2026_erste_husen-scaled.jpg","_links":{"self":[{"href":"https:\/\/sv-koerne83.de\/wordpress\/wp-json\/wp\/v2\/posts\/4320","targetHints":{"allow":["GET"]}}],"collection":[{"href":"https:\/\/sv-koerne83.de\/wordpress\/wp-json\/wp\/v2\/posts"}],"about":[{"href":"https:\/\/sv-koerne83.de\/wordpress\/wp-json\/wp\/v2\/types\/post"}],"author":[{"embeddable":true,"href":"https:\/\/sv-koerne83.de\/wordpress\/wp-json\/wp\/v2\/users\/2"}],"replies":[{"embeddable":true,"href":"https:\/\/sv-koerne83.de\/wordpress\/wp-json\/wp\/v2\/comments?post=4320"}],"version-history":[{"count":1,"href":"https:\/\/sv-koerne83.de\/wordpress\/wp-json\/wp\/v2\/posts\/4320\/revisions"}],"predecessor-version":[{"id":4322,"href":"https:\/\/sv-koerne83.de\/wordpress\/wp-json\/wp\/v2\/posts\/4320\/revisions\/4322"}],"wp:featuredmedia":[{"embeddable":true,"href":"https:\/\/sv-koerne83.de\/wordpress\/wp-json\/wp\/v2\/media\/4321"}],"wp:attachment":[{"href":"https:\/\/sv-koerne83.de\/wordpress\/wp-json\/wp\/v2\/media?parent=4320"}],"wp:term":[{"taxonomy":"category","embeddable":true,"href":"https:\/\/sv-koerne83.de\/wordpress\/wp-json\/wp\/v2\/categories?post=4320"},{"taxonomy":"post_tag","embeddable":true,"href":"https:\/\/sv-koerne83.de\/wordpress\/wp-json\/wp\/v2\/tags?post=4320"}],"curies":[{"name":"wp","href":"https:\/\/api.w.org\/{rel}","templated":true}]}}