{"id":4323,"date":"2026-05-27T12:59:20","date_gmt":"2026-05-27T10:59:20","guid":{"rendered":"https:\/\/sv-koerne83.de\/wordpress\/?p=4323"},"modified":"2026-05-27T12:59:21","modified_gmt":"2026-05-27T10:59:21","slug":"danke-fuer-euren-einsatz-drei-verdiente-spieler-verabschiedet","status":"publish","type":"post","link":"https:\/\/sv-koerne83.de\/wordpress\/2026\/05\/27\/danke-fuer-euren-einsatz-drei-verdiente-spieler-verabschiedet\/","title":{"rendered":"Danke f\u00fcr euren Einsatz \u2013 Drei verdiente Spieler verabschiedet"},"content":{"rendered":"\n<p>Vor dem letzten Heimspiel der Saison gegen den SC Husen-Kurl verabschiedete der SV K\u00f6rne mit Tomas Rucinskas, Marcel Pr\u00fcfel und Pascal Land drei Spieler, die den Verein in den vergangenen Jahren auf und neben dem Platz gepr\u00e4gt haben.<\/p>\n\n\n\n<h3 class=\"wp-block-heading\">Tomas Rucinskas \u2013 Ein Gesicht des SV K\u00f6rne<\/h3>\n\n\n\n<p>Nach \u00fcber zehn Jahren Vereinszugeh\u00f6rigkeit wurde Tomas Rucinskas offiziell verabschiedet. Tommy wechselt im Sommer zum VfR S\u00f6lde und hinterl\u00e4sst beim SV K\u00f6rne gro\u00dfe Fu\u00dfstapfen.<\/p>\n\n\n\n<p>\u00dcber all die Jahre war Tommy weit mehr als nur ein wichtiger Spieler unserer 1. Mannschaft. Er war stets f\u00fcr den Verein da, unterst\u00fctzte bei Veranstaltungen und entwickelte sich zu einem echten Gesicht des SV K\u00f6rne. Bereits in jungen Jahren \u00fcberzeugte er nicht nur sportlich durch starke Leistungen, sondern auch durch Zuverl\u00e4ssigkeit, Vereinstreue und seine positive Art innerhalb des Vereins.<\/p>\n\n\n\n<p>Sportlich geh\u00f6rte Tommy zu den pr\u00e4genden Spielern der vergangenen Jahre und feierte unter anderem den Aufstieg in die Kreisliga A mit unserer 1. Mannschaft. F\u00fcr seinen langj\u00e4hrigen Einsatz und seine Bedeutung f\u00fcr den Verein erh\u00e4lt sein Trikot verdient einen Platz in unserer Hall of Fame.<\/p>\n\n\n\n<p>Lieber Tommy, danke f\u00fcr \u00fcber ein Jahrzehnt voller Leidenschaft, Einsatz und Vereinstreue. F\u00fcr deinen weiteren Weg w\u00fcnschen wir dir sportlich wie privat nur das Beste!<\/p>\n\n\n\n<h3 class=\"wp-block-heading\">Marcel Pr\u00fcfel \u2013 Verl\u00e4sslichkeit auf der linken Seite<\/h3>\n\n\n\n<p>Auch Marcel Pr\u00fcfel wurde vor dem Spiel verabschiedet. Marcel trug acht Jahre lang das Trikot des SV K\u00f6rne und war in dieser Zeit ein wichtiger Bestandteil unserer Mannschaft.<\/p>\n\n\n\n<p>Mit seinem starken linken Fu\u00df sorgte Marcel auf der linken Seite immer wieder f\u00fcr wichtige Akzente. Vor allem aber war er ein Spieler, der jederzeit Verantwortung \u00fcbernahm und sich mit vollem Einsatz f\u00fcr seine Mannschaft einsetzte. Als F\u00fchrungsspieler war er sowohl auf als auch neben dem Platz ein wichtiger Ansprechpartner innerhalb des Teams.<\/p>\n\n\n\n<p>Auch Marcel geh\u00f6rte zur Aufstiegsmannschaft, die den Sprung in die Kreisliga A schaffte, und pr\u00e4gte die erfolgreiche Entwicklung der vergangenen Jahre entscheidend mit.<\/p>\n\n\n\n<p>Nun beendet Marcel seine aktive Fu\u00dfballkarriere und widmet seine Freizeit k\u00fcnftig verst\u00e4rkt seiner Familie.<\/p>\n\n\n\n<p>Lieber Marcel, danke f\u00fcr acht Jahre Leidenschaft, Einsatz und Loyalit\u00e4t. Wir w\u00fcnschen dir und deiner Familie f\u00fcr die Zukunft nur das Beste!<\/p>\n\n\n\n<h3 class=\"wp-block-heading\">Pascal Land \u2013 Teil der Mannschaft bis zum Schluss<\/h3>\n\n\n\n<p>Nach drei Jahren beim SV K\u00f6rne wurde auch Pascal Land verabschiedet. Pascal war vom ersten Tag an voll integrierter Bestandteil unserer Mannschaft und fand innerhalb k\u00fcrzester Zeit seinen Platz im Team.<\/p>\n\n\n\n<p>Durch seine offene Art und seinen Einsatz war er bei Mitspielern und Verantwortlichen gleicherma\u00dfen gesch\u00e4tzt. Leider wurde Pascal zuletzt durch eine schwere Verletzung zur\u00fcckgeworfen, die ihn nun dazu bewegt hat, seine Fu\u00dfballschuhe an den Nagel zu h\u00e4ngen.<\/p>\n\n\n\n<p>Lieber Pascal, danke f\u00fcr deinen Einsatz und deine Zeit beim SV K\u00f6rne. F\u00fcr deinen weiteren Weg w\u00fcnschen wir dir vor allem Gesundheit und alles Gute f\u00fcr die Zukunft!<\/p>\n","protected":false},"excerpt":{"rendered":"<p>Vor dem letzten Heimspiel der Saison gegen den SC Husen-Kurl verabschiedete der SV K\u00f6rne mit Tomas Rucinskas, Marcel Pr\u00fcfel und Pascal Land drei Spieler, die den Verein in den vergangenen [&hellip;]<\/p>\n","protected":false},"author":2,"featured_media":4329,"comment_status":"closed","ping_status":"open","sticky":false,"template":"","format":"standard","meta":{"_jetpack_memberships_contains_paid_content":false,"footnotes":""},"categories":[1],"tags":[],"class_list":["post-4323","post","type-post","status-publish","format-standard","has-post-thumbnail","hentry","category-allgemein"],"jetpack_sharing_enabled":true,"jetpack_featured_media_url":"https:\/\/sv-koerne83.de\/wordpress\/wp-content\/uploads\/2026\/05\/Verabschiedung-Tommy-Pruefel-Pascal-scaled.jpeg","_links":{"self":[{"href":"https:\/\/sv-koerne83.de\/wordpress\/wp-json\/wp\/v2\/posts\/4323","targetHints":{"allow":["GET"]}}],"collection":[{"href":"https:\/\/sv-koerne83.de\/wordpress\/wp-json\/wp\/v2\/posts"}],"about":[{"href":"https:\/\/sv-koerne83.de\/wordpress\/wp-json\/wp\/v2\/types\/post"}],"author":[{"embeddable":true,"href":"https:\/\/sv-koerne83.de\/wordpress\/wp-json\/wp\/v2\/users\/2"}],"replies":[{"embeddable":true,"href":"https:\/\/sv-koerne83.de\/wordpress\/wp-json\/wp\/v2\/comments?post=4323"}],"version-history":[{"count":2,"href":"https:\/\/sv-koerne83.de\/wordpress\/wp-json\/wp\/v2\/posts\/4323\/revisions"}],"predecessor-version":[{"id":4330,"href":"https:\/\/sv-koerne83.de\/wordpress\/wp-json\/wp\/v2\/posts\/4323\/revisions\/4330"}],"wp:featuredmedia":[{"embeddable":true,"href":"https:\/\/sv-koerne83.de\/wordpress\/wp-json\/wp\/v2\/media\/4329"}],"wp:attachment":[{"href":"https:\/\/sv-koerne83.de\/wordpress\/wp-json\/wp\/v2\/media?parent=4323"}],"wp:term":[{"taxonomy":"category","embeddable":true,"href":"https:\/\/sv-koerne83.de\/wordpress\/wp-json\/wp\/v2\/categories?post=4323"},{"taxonomy":"post_tag","embeddable":true,"href":"https:\/\/sv-koerne83.de\/wordpress\/wp-json\/wp\/v2\/tags?post=4323"}],"curies":[{"name":"wp","href":"https:\/\/api.w.org\/{rel}","templated":true}]}}