{"id":4325,"date":"2026-05-28T07:18:06","date_gmt":"2026-05-28T05:18:06","guid":{"rendered":"https:\/\/sv-koerne83.de\/wordpress\/?p=4325"},"modified":"2026-05-28T07:18:07","modified_gmt":"2026-05-28T05:18:07","slug":"saisonfinale-in-soelderholz-sv-koerne-kaempft-weiter-um-platz-2","status":"publish","type":"post","link":"https:\/\/sv-koerne83.de\/wordpress\/2026\/05\/28\/saisonfinale-in-soelderholz-sv-koerne-kaempft-weiter-um-platz-2\/","title":{"rendered":"Saisonfinale in S\u00f6lderholz \u2013 SV K\u00f6rne k\u00e4mpft weiter um Platz 2"},"content":{"rendered":"\n<p>Am Sonntag steht f\u00fcr unsere 1. Mannschaft das letzte Spiel der Saison an. Nach dem 5:3-Heimsieg gegen den SC Husen-Kurl ist unserer Mannschaft der 3. Tabellenplatz nicht mehr zu nehmen. Dennoch geht der Blick weiterhin nach oben: Mit einem Ausw\u00e4rtssieg bei den Sportfreunden S\u00f6lderholz besteht weiterhin die Chance, die Saison auf dem 2. Tabellenplatz abzuschlie\u00dfen.<\/p>\n\n\n\n<p>Die Gastgeber aus S\u00f6lderholz haben sich ebenfalls bereits sicher f\u00fcr die kommende Dortmund Liga qualifiziert und k\u00f6nnen ohne gro\u00dfen Druck in die Partie gehen. Somit d\u00fcrfen sich die Zuschauer auf ein offenes und spannendes Saisonfinale freuen.<\/p>\n\n\n\n<p>Besonders spannend bleibt zudem das Rennen um die Torj\u00e4gerkanone: Tomas Rucinskas f\u00fchrt die Torsch\u00fctzenliste der Liga weiterhin mit 24 Treffern an. Dahinter folgt Jace Kunze von den Sportfreunden S\u00f6lderholz mit 19 Toren. Im direkten Duell treffen somit auch die beiden besten Torj\u00e4ger der Liga aufeinander.<\/p>\n\n\n\n<p>Unsere Jungs wollen zum Abschluss noch einmal alles auf den Platz bringen, um die starke Saison mit einem positiven Ergebnis zu beenden und die minimale Hoffnung auf Platz 2 aufrechtzuerhalten.<\/p>\n\n\n\n<p>Ansto\u00df ist am Sonntag um 15:00 Uhr auf dem Sportplatz Zur Bergesh\u00f6h.<\/p>\n","protected":false},"excerpt":{"rendered":"<p>Am Sonntag steht f\u00fcr unsere 1. Mannschaft das letzte Spiel der Saison an. Nach dem 5:3-Heimsieg gegen den SC Husen-Kurl ist unserer Mannschaft der 3. Tabellenplatz nicht mehr zu nehmen. [&hellip;]<\/p>\n","protected":false},"author":2,"featured_media":4326,"comment_status":"closed","ping_status":"open","sticky":false,"template":"","format":"standard","meta":{"_jetpack_memberships_contains_paid_content":false,"footnotes":""},"categories":[1],"tags":[],"class_list":["post-4325","post","type-post","status-publish","format-standard","has-post-thumbnail","hentry","category-allgemein"],"jetpack_sharing_enabled":true,"jetpack_featured_media_url":"https:\/\/sv-koerne83.de\/wordpress\/wp-content\/uploads\/2026\/05\/SVK_Spieltagsankuendigung_2025_2026_Erste_Soelderholz-scaled.jpg","_links":{"self":[{"href":"https:\/\/sv-koerne83.de\/wordpress\/wp-json\/wp\/v2\/posts\/4325","targetHints":{"allow":["GET"]}}],"collection":[{"href":"https:\/\/sv-koerne83.de\/wordpress\/wp-json\/wp\/v2\/posts"}],"about":[{"href":"https:\/\/sv-koerne83.de\/wordpress\/wp-json\/wp\/v2\/types\/post"}],"author":[{"embeddable":true,"href":"https:\/\/sv-koerne83.de\/wordpress\/wp-json\/wp\/v2\/users\/2"}],"replies":[{"embeddable":true,"href":"https:\/\/sv-koerne83.de\/wordpress\/wp-json\/wp\/v2\/comments?post=4325"}],"version-history":[{"count":1,"href":"https:\/\/sv-koerne83.de\/wordpress\/wp-json\/wp\/v2\/posts\/4325\/revisions"}],"predecessor-version":[{"id":4327,"href":"https:\/\/sv-koerne83.de\/wordpress\/wp-json\/wp\/v2\/posts\/4325\/revisions\/4327"}],"wp:featuredmedia":[{"embeddable":true,"href":"https:\/\/sv-koerne83.de\/wordpress\/wp-json\/wp\/v2\/media\/4326"}],"wp:attachment":[{"href":"https:\/\/sv-koerne83.de\/wordpress\/wp-json\/wp\/v2\/media?parent=4325"}],"wp:term":[{"taxonomy":"category","embeddable":true,"href":"https:\/\/sv-koerne83.de\/wordpress\/wp-json\/wp\/v2\/categories?post=4325"},{"taxonomy":"post_tag","embeddable":true,"href":"https:\/\/sv-koerne83.de\/wordpress\/wp-json\/wp\/v2\/tags?post=4325"}],"curies":[{"name":"wp","href":"https:\/\/api.w.org\/{rel}","templated":true}]}}