{"id":4331,"date":"2026-06-03T06:25:54","date_gmt":"2026-06-03T04:25:54","guid":{"rendered":"https:\/\/sv-koerne83.de\/wordpress\/?p=4331"},"modified":"2026-06-03T06:36:17","modified_gmt":"2026-06-03T04:36:17","slug":"tomas-rucinskas-ist-torschuetzenkoenig-der-kreisliga-a2","status":"publish","type":"post","link":"https:\/\/sv-koerne83.de\/wordpress\/2026\/06\/03\/tomas-rucinskas-ist-torschuetzenkoenig-der-kreisliga-a2\/","title":{"rendered":"Tomas Rucinskas ist Torsch\u00fctzenk\u00f6nig der Kreisliga A2"},"content":{"rendered":"\n<p>Eine au\u00dfergew\u00f6hnliche Saison findet ihren verdienten H\u00f6hepunkt: Tomas Rucinskas hat sich mit insgesamt 24 Treffern die Torj\u00e4gerkanone der Kreisliga A2 gesichert und beendet die Spielzeit als bester Torsch\u00fctze der Liga.<\/p>\n\n\n\n<p>Mit seinen Toren war Tommy einer der entscheidenden Faktoren f\u00fcr die erfolgreichste Saison der Vereinsgeschichte. Woche f\u00fcr Woche stellte er seine Qualit\u00e4ten vor dem gegnerischen Tor unter Beweis.<\/p>\n\n\n\n<p>Besonders bemerkenswert ist diese Auszeichnung, da Tomas in der abgelaufenden Saison zudem zum Amateurfu\u00dfballer des Jahres gew\u00e4hlt wurde. Mit dem Gewinn der Torj\u00e4gerkanone setzt er einer herausragenden Spielzeit nun die Krone auf.<\/p>\n\n\n\n<p>Der gesamte SV K\u00f6rne ist stolz auf diese Leistung und gratuliert Tommy herzlich zu diesem verdienten Erfolg.<\/p>\n\n\n\n<p>Im Sommer wird Tomas den Verein nach \u00fcber zehn Jahren verlassen und sich dem VfR S\u00f6lde anschlie\u00dfen. Wir bedanken uns f\u00fcr unz\u00e4hlige Tore, unvergessliche Momente und seinen gro\u00dfen Einsatz f\u00fcr unseren Verein.<\/p>\n\n\n\n<p>Lieber Tommy, wir w\u00fcnschen dir f\u00fcr deinen weiteren sportlichen und privaten Weg alles erdenklich Gute und weiterhin viel Erfolg!<\/p>\n","protected":false},"excerpt":{"rendered":"<p>Eine au\u00dfergew\u00f6hnliche Saison findet ihren verdienten H\u00f6hepunkt: Tomas Rucinskas hat sich mit insgesamt 24 Treffern die Torj\u00e4gerkanone der Kreisliga A2 gesichert und beendet die Spielzeit als bester Torsch\u00fctze der Liga. [&hellip;]<\/p>\n","protected":false},"author":2,"featured_media":4332,"comment_status":"closed","ping_status":"open","sticky":false,"template":"","format":"standard","meta":{"_jetpack_memberships_contains_paid_content":false,"footnotes":""},"categories":[1],"tags":[],"class_list":["post-4331","post","type-post","status-publish","format-standard","has-post-thumbnail","hentry","category-allgemein"],"jetpack_sharing_enabled":true,"jetpack_featured_media_url":"https:\/\/sv-koerne83.de\/wordpress\/wp-content\/uploads\/2026\/06\/05F96E8F-7B75-4C2E-907A-CB8218F0D6A2.png","_links":{"self":[{"href":"https:\/\/sv-koerne83.de\/wordpress\/wp-json\/wp\/v2\/posts\/4331","targetHints":{"allow":["GET"]}}],"collection":[{"href":"https:\/\/sv-koerne83.de\/wordpress\/wp-json\/wp\/v2\/posts"}],"about":[{"href":"https:\/\/sv-koerne83.de\/wordpress\/wp-json\/wp\/v2\/types\/post"}],"author":[{"embeddable":true,"href":"https:\/\/sv-koerne83.de\/wordpress\/wp-json\/wp\/v2\/users\/2"}],"replies":[{"embeddable":true,"href":"https:\/\/sv-koerne83.de\/wordpress\/wp-json\/wp\/v2\/comments?post=4331"}],"version-history":[{"count":2,"href":"https:\/\/sv-koerne83.de\/wordpress\/wp-json\/wp\/v2\/posts\/4331\/revisions"}],"predecessor-version":[{"id":4334,"href":"https:\/\/sv-koerne83.de\/wordpress\/wp-json\/wp\/v2\/posts\/4331\/revisions\/4334"}],"wp:featuredmedia":[{"embeddable":true,"href":"https:\/\/sv-koerne83.de\/wordpress\/wp-json\/wp\/v2\/media\/4332"}],"wp:attachment":[{"href":"https:\/\/sv-koerne83.de\/wordpress\/wp-json\/wp\/v2\/media?parent=4331"}],"wp:term":[{"taxonomy":"category","embeddable":true,"href":"https:\/\/sv-koerne83.de\/wordpress\/wp-json\/wp\/v2\/categories?post=4331"},{"taxonomy":"post_tag","embeddable":true,"href":"https:\/\/sv-koerne83.de\/wordpress\/wp-json\/wp\/v2\/tags?post=4331"}],"curies":[{"name":"wp","href":"https:\/\/api.w.org\/{rel}","templated":true}]}}