{"id":4361,"date":"2026-08-08T10:08:26","date_gmt":"2026-08-08T08:08:26","guid":{"rendered":"https:\/\/sv-koerne83.de\/wordpress\/?p=4361"},"modified":"2026-08-08T10:08:27","modified_gmt":"2026-08-08T08:08:27","slug":"saisonstart-in-der-medical4you-liga-auftakt-beim-vfl-hoerde","status":"publish","type":"post","link":"https:\/\/sv-koerne83.de\/wordpress\/2026\/08\/08\/saisonstart-in-der-medical4you-liga-auftakt-beim-vfl-hoerde\/","title":{"rendered":"Saisonstart in der Medical4You-Liga \u2013 Auftakt beim VfL H\u00f6rde"},"content":{"rendered":"\n<p>Am morgigen Sonntag ist es endlich wieder soweit: F\u00fcr unsere 1. Mannschaft beginnt die neue Saison. Zum Auftakt in der neu formierten Medical4You-Liga (Kreisliga A) ist das Team von Trainer Viktor Pusch beim VfL H\u00f6rde zu Gast.<\/p>\n\n\n\n<p>Mit der Neustrukturierung wartet eine besonders spannende Spielzeit. In der Medical4You-Liga treffen die 18 besten Dortmunder Kreisliga-Mannschaften aufeinander und k\u00e4mpfen in der kommenden Saison um Punkte und Platzierungen. Unsere Mannschaft hat sich durch die starke vergangene Spielzeit f\u00fcr die neue Liga qualifiziert und m\u00f6chte nun auch dort eine gute Rolle spielen.<\/p>\n\n\n\n<p>Personell hat sich unser Team im Sommer verst\u00e4rkt. Insgesamt sechs Neuzug\u00e4nge sto\u00dfen zur Mannschaft und sollen dabei helfen, an die erfolgreiche Entwicklung der vergangenen Jahre anzukn\u00fcpfen.<\/p>\n\n\n\n<p><strong>Unsere Neuzug\u00e4nge:<\/strong><br>Malik Boukari (VfL Kamen), Tim Birnkraut (VfL Schwerte), Samet Kaya (SC Dortmund 97\/08), Mohamed Chamharouch Aukili (Teutonia Lanstrop), Yassin El Majjaoui (Teutonia Lanstrop) und Jossef Julie (RW Balikesirspor).<\/p>\n\n\n\n<p>Nach der Vorbereitung wird es am Sonntag erstmals ernst. Mit dem VfL H\u00f6rde wartet direkt zum Auftakt ein anspruchsvoller Gegner. Unsere Jungs wollen von Beginn an zeigen, dass sie auch in der neu formierten Liga bestehen k\u00f6nnen und den Grundstein f\u00fcr eine weitere erfolgreiche Saison legen.<\/p>\n\n\n\n<p>\u26bd VfL H\u00f6rde \u2013 SV K\u00f6rne<br>\ud83d\udcc5 Sonntag<br>\u23f0 Ansto\u00df: 15:00 Uhr<br>\ud83d\udccd Goystadion<\/p>\n\n\n\n<p>Auf geht\u2019s, K\u00f6rne \u2013 starten wir gemeinsam in die neue Saison!<\/p>\n","protected":false},"excerpt":{"rendered":"<p>Am morgigen Sonntag ist es endlich wieder soweit: F\u00fcr unsere 1. Mannschaft beginnt die neue Saison. Zum Auftakt in der neu formierten Medical4You-Liga (Kreisliga A) ist das Team von Trainer [&hellip;]<\/p>\n","protected":false},"author":2,"featured_media":4362,"comment_status":"closed","ping_status":"open","sticky":false,"template":"","format":"standard","meta":{"_jetpack_memberships_contains_paid_content":false,"footnotes":""},"categories":[1],"tags":[],"class_list":["post-4361","post","type-post","status-publish","format-standard","has-post-thumbnail","hentry","category-allgemein"],"jetpack_sharing_enabled":true,"jetpack_featured_media_url":"https:\/\/sv-koerne83.de\/wordpress\/wp-content\/uploads\/2026\/08\/SVK_Spieltagsankuendigung_2025_2026_Erste_Hoerde-scaled.jpg","_links":{"self":[{"href":"https:\/\/sv-koerne83.de\/wordpress\/wp-json\/wp\/v2\/posts\/4361","targetHints":{"allow":["GET"]}}],"collection":[{"href":"https:\/\/sv-koerne83.de\/wordpress\/wp-json\/wp\/v2\/posts"}],"about":[{"href":"https:\/\/sv-koerne83.de\/wordpress\/wp-json\/wp\/v2\/types\/post"}],"author":[{"embeddable":true,"href":"https:\/\/sv-koerne83.de\/wordpress\/wp-json\/wp\/v2\/users\/2"}],"replies":[{"embeddable":true,"href":"https:\/\/sv-koerne83.de\/wordpress\/wp-json\/wp\/v2\/comments?post=4361"}],"version-history":[{"count":2,"href":"https:\/\/sv-koerne83.de\/wordpress\/wp-json\/wp\/v2\/posts\/4361\/revisions"}],"predecessor-version":[{"id":4364,"href":"https:\/\/sv-koerne83.de\/wordpress\/wp-json\/wp\/v2\/posts\/4361\/revisions\/4364"}],"wp:featuredmedia":[{"embeddable":true,"href":"https:\/\/sv-koerne83.de\/wordpress\/wp-json\/wp\/v2\/media\/4362"}],"wp:attachment":[{"href":"https:\/\/sv-koerne83.de\/wordpress\/wp-json\/wp\/v2\/media?parent=4361"}],"wp:term":[{"taxonomy":"category","embeddable":true,"href":"https:\/\/sv-koerne83.de\/wordpress\/wp-json\/wp\/v2\/categories?post=4361"},{"taxonomy":"post_tag","embeddable":true,"href":"https:\/\/sv-koerne83.de\/wordpress\/wp-json\/wp\/v2\/tags?post=4361"}],"curies":[{"name":"wp","href":"https:\/\/api.w.org\/{rel}","templated":true}]}}